{"id":33231,"date":"2019-05-09T05:24:12","date_gmt":"2019-05-09T09:24:12","guid":{"rendered":"https:\/\/linitiative.ca\/International\/ghardaia-1ere-operation-de-delivrance-du-permis-biometrique\/"},"modified":"2019-05-09T05:24:12","modified_gmt":"2019-05-09T09:24:12","slug":"ghardaia-1ere-operation-de-delivrance-du-permis-biometrique","status":"publish","type":"post","link":"https:\/\/linitiative.ca\/International\/ghardaia-1ere-operation-de-delivrance-du-permis-biometrique\/","title":{"rendered":"Gharda\u00efa: 1\u00e8re op\u00e9ration de d\u00e9livrance du permis biom\u00e9trique"},"content":{"rendered":"<div>\n<div class=\"K2FeedImage\"><img decoding=\"async\" src=\"http:\/\/www.aps.dz\/media\/k2\/items\/cache\/738a863c8547d9e2a969869af35ff58b_S.jpg\" alt=\"Gharda\u00efa: 1\u00e8re op\u00e9ration de d\u00e9livrance du permis biom\u00e9trique\"><\/div>\n<div class=\"K2FeedIntroText\">\n<p><strong>GHARDAIA &#8211; La premi\u00e8re op\u00e9ration \u00ab\u00a0pilote\u00a0\u00bb de d\u00e9livrance du permis de conduire biom\u00e9trique dans la wilaya de Gharda\u00efa a d\u00e9but\u00e9 dans la commune du chef-lieu, a-t-on appris jeudi aupr\u00e8s de la wilaya.<\/strong><\/p>\n<\/div>\n<div class=\"K2FeedFullText\">\n<p>Cette op\u00e9ration de num\u00e9risation du permis de conduire, qui s\u2019inscrit dans le cadre global de la modernisation de l\u2019Administration et la mise en place du guichet \u00e9lectronique unique, sera g\u00e9n\u00e9ralis\u00e9e prochainement aux treize (13) communes de la wilaya, a indiqu\u00e9 \u00e0 l\u2019APS le directeur de la r\u00e9glementation et des affaires g\u00e9n\u00e9rales (DRAG).<\/p>\n<p>Un cycle de formation et de perfectionnement du personnel des collectivit\u00e9s territoriales de la wilaya a \u00e9t\u00e9 entam\u00e9 afin de ma\u00eetriser la technologie de la biom\u00e9trie et de s\u2019adapter au syst\u00e8me informatis\u00e9 pour l&rsquo;acc\u00e8s aux informations relative au b\u00e9n\u00e9ficiaire du permis de conduire, a-t-il ajout\u00e9.<\/p>\n<hr>\n<h3>Lire aussi:\u00a0<a href=\"http:\/\/www.aps.dz\/algerie\/81248-lancement-des-operations-de-generalisation-du-permis-biometrique-a-points\" target=\"_blank\" rel=\"noopener noreferrer\">Lancement des op\u00e9rations de g\u00e9n\u00e9ralisation du permis biom\u00e9trique \u00e0 points<\/a><\/h3>\n<hr>\n<p>Cette op\u00e9ration, qui concerne en premier lieu les nouveaux demandeurs de permis de conduire probatoire \u00e0 point avant de toucher progressivement les autres automobilistes, permettra d\u2019am\u00e9liorer le quotidien des citoyens, de permettre une fluidit\u00e9 dans l\u2019acquisition de document de conduite de v\u00e9hicule et de contr\u00f4ler l&rsquo;exploitation des donn\u00e9es concernant l&rsquo;\u00e9tat du pointage du conducteur, a expliqu\u00e9 le DRAG.<\/p>\n<p>La g\u00e9n\u00e9ralisation du permis de conduire biom\u00e9trique aura un impact \u00ab\u00a0positif\u00a0\u00bb sur la circulation et la s\u00e9curit\u00e9 routi\u00e8re et permettra aux pouvoirs publics de mettre en \u0153uvre la politique nationale de pr\u00e9vention et de s\u00e9curit\u00e9 routi\u00e8res, dans sa partie op\u00e9rationnelle, a-t-il conclu.<\/p>\n<\/div>\n<\/div>\n<p>Auteur:<br \/>\n<a href=\"http:\/\/www.aps.dz\/regions\/89230-ghardaia-1ere-operation-de-delivrance-du-permis-biometrique\">Cliquez ici pour lire l&rsquo;article depuis sa source.<\/a><\/p>\n","protected":false},"excerpt":{"rendered":"<p>GHARDAIA &#8211; La premi\u00e8re op\u00e9ration \u00ab\u00a0pilote\u00a0\u00bb de d\u00e9livrance du permis de conduire biom\u00e9trique dans la wilaya de Gharda\u00efa a d\u00e9but\u00e9 dans la commune du chef-lieu, a-t-on appris jeudi aupr\u00e8s de la wilaya. Cette op\u00e9ration de num\u00e9risation du permis de conduire, qui s\u2019inscrit dans le cadre global de la modernisation de l\u2019Administration et la mise en [&hellip;]<\/p>\n","protected":false},"author":1790,"featured_media":33235,"comment_status":"closed","ping_status":"closed","sticky":false,"template":"","format":"standard","meta":{"fifu_image_url":"","fifu_image_alt":"","footnotes":""},"categories":[53,76],"tags":[],"class_list":["post-33231","post","type-post","status-publish","format-standard","has-post-thumbnail","hentry","category-algerie","category-regions"],"_links":{"self":[{"href":"https:\/\/linitiative.ca\/International\/wp-json\/wp\/v2\/posts\/33231","targetHints":{"allow":["GET"]}}],"collection":[{"href":"https:\/\/linitiative.ca\/International\/wp-json\/wp\/v2\/posts"}],"about":[{"href":"https:\/\/linitiative.ca\/International\/wp-json\/wp\/v2\/types\/post"}],"author":[{"embeddable":true,"href":"https:\/\/linitiative.ca\/International\/wp-json\/wp\/v2\/users\/1790"}],"replies":[{"embeddable":true,"href":"https:\/\/linitiative.ca\/International\/wp-json\/wp\/v2\/comments?post=33231"}],"version-history":[{"count":0,"href":"https:\/\/linitiative.ca\/International\/wp-json\/wp\/v2\/posts\/33231\/revisions"}],"wp:featuredmedia":[{"embeddable":true,"href":"https:\/\/linitiative.ca\/International\/wp-json\/"}],"wp:attachment":[{"href":"https:\/\/linitiative.ca\/International\/wp-json\/wp\/v2\/media?parent=33231"}],"wp:term":[{"taxonomy":"category","embeddable":true,"href":"https:\/\/linitiative.ca\/International\/wp-json\/wp\/v2\/categories?post=33231"},{"taxonomy":"post_tag","embeddable":true,"href":"https:\/\/linitiative.ca\/International\/wp-json\/wp\/v2\/tags?post=33231"}],"curies":[{"name":"wp","href":"https:\/\/api.w.org\/{rel}","templated":true}]}}