{"id":33233,"date":"2019-05-09T09:09:17","date_gmt":"2019-05-09T13:09:17","guid":{"rendered":"https:\/\/linitiative.ca\/International\/ligue-1-2-mca-el-ghorbal-ne-viendra-pas\/"},"modified":"2019-05-09T09:09:17","modified_gmt":"2019-05-09T13:09:17","slug":"ligue-1-2-mca-el-ghorbal-ne-viendra-pas","status":"publish","type":"post","link":"https:\/\/linitiative.ca\/International\/ligue-1-2-mca-el-ghorbal-ne-viendra-pas\/","title":{"rendered":"Ligue 1 &#038; 2 : MCA: El Ghorbal ne viendra pas"},"content":{"rendered":"<div readability=\"32\">\n<p>Auteur : <span>H. R.<\/span> <span class=\"time\">jeudi 09 mai 2019 10:29<\/span><\/p>\n<\/div>\n<div id=\"post_core\" readability=\"47\">\n<p>Meilleur buteur de la Coupe arabe des clubs champions, l\u2019attaquant soudanais Mohamed El Ghorbal, qui a \u00e9volu\u00e9 cette saison sous les couleurs d\u2019El Merreikh, ne sera pas mouloud\u00e9en la saison prochaine, au grand dam des inconditionnels du club. Annonc\u00e9 avec insistance au club, le joueur soudanais ne viendra pas, bien qu\u2019il ait d\u00e9j\u00e0 effectu\u00e9 un petit passage \u00e0 Alger\u00a0 pour n\u00e9gocier avec l\u2019ancienne direction.<br \/>\u00a0Le contrat du joueur expire en novembre prochain. Du coup, les Mouloud\u00e9ens doivent n\u00e9gocier avec les Soudanais pour engager le joueur maintenant. Or, il est tr\u00e8s convoit\u00e9 par des clubs des pays du Golfe, notamment d\u2019Arabie Saoudite o\u00f9 des clubs sont pr\u00eats \u00e0 mettre le paquet pour l\u2019enr\u00f4ler. Au Mouloudia, on veut \u00e0 tout prix \u00e9viter un conflit avec les dirigeants d\u2019El Merreikh qui risquent de recourir \u00e0 la FIFA pour avoir n\u00e9goci\u00e9 avec le joueur en catimini et que ce dernier avait effectu\u00e9 le d\u00e9placement jusqu\u2019\u00e0 Alger sans leur aval.<\/p>\n<p><strong>Publi\u00e9 dans :<\/strong> <span>mca<\/span> <span>El Merreikh<\/span> <span>El Ghorbal<\/span><\/p>\n<\/div>\n<p>Auteur:<br \/>\n<a href=\"http:\/\/www.lebuteur.com\/article\/detail?titre=mca-el-ghorbal-ne-viendra-pas&#038;id=88646&#038;utm_source=feedburner&#038;utm_medium=feed&#038;utm_campaign=Feed%3A+GalerieFArtciles+%28Les+derniers+articles++-+lebuteur.com%29\">Cliquez ici pour lire l&rsquo;article depuis sa source.<\/a><\/p>\n","protected":false},"excerpt":{"rendered":"<p>Auteur : H. R. jeudi 09 mai 2019 10:29 Meilleur buteur de la Coupe arabe des clubs champions, l\u2019attaquant soudanais Mohamed El Ghorbal, qui a \u00e9volu\u00e9 cette saison sous les couleurs d\u2019El Merreikh, ne sera pas mouloud\u00e9en la saison prochaine, au grand dam des inconditionnels du club. Annonc\u00e9 avec insistance au club, le joueur soudanais [&hellip;]<\/p>\n","protected":false},"author":1738,"featured_media":33236,"comment_status":"closed","ping_status":"closed","sticky":false,"template":"","format":"standard","meta":{"fifu_image_url":"","fifu_image_alt":"","footnotes":""},"categories":[53,75],"tags":[],"class_list":["post-33233","post","type-post","status-publish","format-standard","has-post-thumbnail","hentry","category-algerie","category-sport"],"_links":{"self":[{"href":"https:\/\/linitiative.ca\/International\/wp-json\/wp\/v2\/posts\/33233","targetHints":{"allow":["GET"]}}],"collection":[{"href":"https:\/\/linitiative.ca\/International\/wp-json\/wp\/v2\/posts"}],"about":[{"href":"https:\/\/linitiative.ca\/International\/wp-json\/wp\/v2\/types\/post"}],"author":[{"embeddable":true,"href":"https:\/\/linitiative.ca\/International\/wp-json\/wp\/v2\/users\/1738"}],"replies":[{"embeddable":true,"href":"https:\/\/linitiative.ca\/International\/wp-json\/wp\/v2\/comments?post=33233"}],"version-history":[{"count":0,"href":"https:\/\/linitiative.ca\/International\/wp-json\/wp\/v2\/posts\/33233\/revisions"}],"wp:featuredmedia":[{"embeddable":true,"href":"https:\/\/linitiative.ca\/International\/wp-json\/"}],"wp:attachment":[{"href":"https:\/\/linitiative.ca\/International\/wp-json\/wp\/v2\/media?parent=33233"}],"wp:term":[{"taxonomy":"category","embeddable":true,"href":"https:\/\/linitiative.ca\/International\/wp-json\/wp\/v2\/categories?post=33233"},{"taxonomy":"post_tag","embeddable":true,"href":"https:\/\/linitiative.ca\/International\/wp-json\/wp\/v2\/tags?post=33233"}],"curies":[{"name":"wp","href":"https:\/\/api.w.org\/{rel}","templated":true}]}}