{"id":33239,"date":"2019-05-09T08:33:54","date_gmt":"2019-05-09T12:33:54","guid":{"rendered":"https:\/\/linitiative.ca\/International\/oran-les-prix-des-fruits-et-legumes-flambent-dans-les-marches-de-detail\/"},"modified":"2019-05-09T08:33:54","modified_gmt":"2019-05-09T12:33:54","slug":"oran-les-prix-des-fruits-et-legumes-flambent-dans-les-marches-de-detail","status":"publish","type":"post","link":"https:\/\/linitiative.ca\/International\/oran-les-prix-des-fruits-et-legumes-flambent-dans-les-marches-de-detail\/","title":{"rendered":"Oran : les prix des fruits et l\u00e9gumes flambent dans les march\u00e9s de d\u00e9tail"},"content":{"rendered":"<div>\n<div class=\"K2FeedImage\"><img decoding=\"async\" src=\"http:\/\/www.aps.dz\/media\/k2\/items\/cache\/64cb5d016ea030521bcbe92131e4a2dc_S.jpg\" alt=\"Oran : les prix des fruits et l\u00e9gumes flambent dans les march\u00e9s de d\u00e9tail\"><\/div>\n<div class=\"K2FeedIntroText\">\n<p>ORAN &#8211; Les march\u00e9s de d\u00e9tail renouent avec la flamb\u00e9e des prix des fruits et l\u00e9gumes, depuis le d\u00e9but du mois sacr\u00e9 de Ramadhan, en d\u00e9pit des prix de r\u00e9f\u00e9rence, fix\u00e9s par les pouvoirs publics.<\/p>\n<\/div>\n<div class=\"K2FeedFullText\">\n<p>Les commer\u00e7ants n\u2019ont pas manqu\u00e9 d\u2019augmenter de mani\u00e8re consid\u00e9rable leurs prix, par rapport \u00e0 ceux de r\u00e9f\u00e9rence, d\u00e9passant parfois les 70 dinars pour certains produits, \u00e0 l\u2019exemple des bananes (320 DA), refusant ainsi d\u2019appliquer la mesure de plafonner les prix, annonc\u00e9e \u00e0 l\u2019occasion du mois de Ramadhan.<\/p>\n<p>Lors d\u2019une vir\u00e9e effectu\u00e9e, au troisi\u00e8me jour du je\u00fbne, par l\u2019APS au niveau de quelques march\u00e9s de d\u00e9tail de la ville, notamment aux cit\u00e9s \u00ab\u00a0Point du jour\u00a0\u00bb et \u00ab\u00a0Ibn Rochd\u00a0\u00bb, ainsi qu\u2019au march\u00e9 de la rue des Aur\u00e8s, au centre-ville, o\u00f9 l\u2019affichage des prix est quasiment absent, un grand \u00e9cart entre les prix de r\u00e9f\u00e9rence et les prix pratiqu\u00e9s a \u00e9t\u00e9 constat\u00e9e Ces derniers fr\u00f4lant parfois le double, \u00e0 l\u2019image de l\u2019ail fraiche (100 DA), les courgettes et la laitue (120 DA), les tomates (160 DA).<\/p>\n<p>D\u2019autre part, la viande bovine import\u00e9e est quasiment absente des \u00e9tals des boucheries dans ces march\u00e9s o\u00f9 seules les viandes locales fraiches sont disponibles, mais \u00e0 des prix variant entre 1.450 et 1.800 DA le kilo.<\/p>\n<hr>\n<p><em><strong>Lire aussi:\u00a0<\/strong><\/em><a href=\"http:\/\/www.aps.dz\/economie\/89198-premiers-jours-de-ramadhan-hausse-considerable-des-prix-des-fruits-et-legumes\">Premiers jours de Ramadhan : hausse consid\u00e9rable des prix des fruits et l\u00e9gumes<\/a><\/p>\n<hr>\n<p>Le mois de Ramadhan est devenu l\u2019occasion pour les commer\u00e7ants occasionnels de faire leur apparition. Ils proposent leurs marchandises dans les cit\u00e9s o\u00f9 garent leurs v\u00e9hicules charg\u00e9s de produits agricoles sur les bas-c\u00f4t\u00e9s des routes, notamment dans la p\u00e9riph\u00e9rie de la ville d\u2019Oran, pratiquant des prix qui ne diff\u00e8rent gu\u00e8re de ceux en cours dans les march\u00e9s.<\/p>\n<p>La flamb\u00e9e des prix, en ce mois de pi\u00e9t\u00e9, a provoqu\u00e9 le m\u00e9contentement des consommateurs pour qui ce ph\u00e9nom\u00e8ne est d\u00fb essentiellement \u00e0 l\u2019avidit\u00e9 des commer\u00e7ants, qui attendent l\u2019av\u00e8nement du mois de Ramadhan pour augmenter les prix au d\u00e9triment des citoyens et en l\u2019absence des contr\u00f4leurs pour faire face aux sp\u00e9culateurs.<\/p>\n<p>Certains marchands justifient ces augmentations des prix aux interm\u00e9diaires qui s\u2019approvisionnent aux march\u00e9s de gros, d\u2019autres indiquent que \u00ab\u00a0m\u00eame les prix pratiqu\u00e9s dans les march\u00e9s de gros d\u00e9passent parfois les prix plafonn\u00e9s au d\u00e9tail\u00a0\u00bb.<\/p>\n<p>\u00a0<\/p>\n<p style=\"text-align: center;\"><span style=\"font-size: 14pt;\"><strong>L\u2019offre et la demande fixent les prix<\/strong><\/span><\/p>\n<p>Les prix des produits agricoles au march\u00e9 de gros d\u2019El-Kerma, au sud d\u2019Oran, d\u00e9pendent de l\u2019offre et de la demande, indiquent ceux qui activent dans ce march\u00e9 qui regroupe 240 agents agr\u00e9\u00e9s dans le commerce des fruits et l\u00e9gumes et 20 autres dans les dattes.<\/p>\n<p>Certains agents ont d\u00e9clar\u00e9 \u00e0 l\u2019APS qu\u2019ils ach\u00e8tent quelques produits plus chers que les prix de r\u00e9f\u00e9rence, comme cela a \u00e9t\u00e9 le cas, mercredi, pour les bananes (260 DA), les tomates (120 DA), ce qui rend impossible l\u2019application des prix de r\u00e9f\u00e9rence, c&rsquo;est-\u00e0-dire la vente \u00e0 perte.<\/p>\n<p>De son c\u00f4t\u00e9, le Directeur G\u00e9n\u00e9ral du march\u00e9 de gros, le Dr. Bouss\u00e2ada Kaddour Abdelhak, sp\u00e9cialis\u00e9 dans la planification \u00e9conomique, que \u00ab\u00a0dans d\u2019autres cas, les produits sont vendus \u00e0 des prix inf\u00e9rieurs \u00e0 ceux de r\u00e9f\u00e9rence, et ce en raison de l\u2019abondance des produits comme les oignons (15 DA), les carottes (30 DA), l\u2019ail (30 DA) et la laitue (30 DA)\u00a0\u00bb.<\/p>\n<p>Il a estim\u00e9 que l\u2018augmentation des prix, durant les premiers jours de Ramadhan, s\u2019explique par \u00ab\u00a0la forte demande\u00a0\u00bb\u00a0 sur certains produits au niveau du march\u00e9 de gros, qui accueille 5.000 visiteurs par jour, contre 2.000 visiteurs seulement habituellement.<\/p>\n<hr>\n<p><em><strong>Lire aussi:\u00a0<a href=\"http:\/\/www.aps.dz\/regions\/89231-constantine-des-prix-referentiels-diversement-appliques-dans-les-marches\">Constantine: des\u00a0<span class=\"highlight\">prix<\/span>\u00a0r\u00e9f\u00e9rentiels diversement appliqu\u00e9s dans les march\u00e9s<\/a><\/strong><\/em><\/p>\n<hr>\n<p>Le m\u00eame responsable pr\u00e9voit une diminution des prix \u00e0 compter de la seconde semaine de Ramadhan, et ce gr\u00e2ce \u00e0 l\u2019abondance des produits agricoles, \u00e0 l\u2019exception des tomates qui est encore hors-saison, ainsi qu\u2019\u00e0 la baisse attendue de la demande, chose qui arrive toujours durant cette p\u00e9riode \u00e0 chaque mois de Ramadhan.<\/p>\n<p>Le responsable du service du contr\u00f4le du march\u00e9 et de l\u2019information \u00e9conomique de la direction du commerce de la wilaya d\u2019Oran, Mohamed Mechkour, a fait savoir que \u00ab\u00a0la mission des agents de contr\u00f4le \u00e0 propos des prix de r\u00e9f\u00e9rence a un caract\u00e8re de sensibilisation uniquement pour inciter les commer\u00e7ants au respect de la d\u00e9cision, mais ne peuvent infliger aucune sanction contre les contrevenants\u00a0\u00bb.<\/p>\n<p>\u00ab\u00a0Il n\u2019y a pas de loi for\u00e7ant les commer\u00e7ants \u00e0 respecter les prix de r\u00e9f\u00e9rence\u00a0\u00bb, a-t-il reconnu.<\/p>\n<p>La m\u00eame source a soulign\u00e9 que la direction du commerce a mobilis\u00e9 410 agents pour le contr\u00f4le du respect de la qualit\u00e9 et les pratiques commerciales, mais ils sont entr\u00e9s, depuis mercredi, en gr\u00e8ve de deux jours, pour des revendications socioprofessionnelles. Ce mouvement de protestation \u00e0 dimension nationale a influ\u00e9 sur le contr\u00f4le au niveau des march\u00e9s de proximit\u00e9, signalant qu\u2019il \u00e9tait pr\u00e9vu l\u2019ouverture de 93 march\u00e9s parisiens \u00e0 travers la wilaya. Seuls 22 march\u00e9s ont pu \u00eatre am\u00e9nag\u00e9s par les communes.<\/p>\n<\/div>\n<\/div>\n<p>Auteur:<br \/>\n<a href=\"http:\/\/www.aps.dz\/regions\/89238-oran-les-prix-des-fruits-et-legumes-flambent-dans-les-marches-de-detail\">Cliquez ici pour lire l&rsquo;article depuis sa source.<\/a><\/p>\n","protected":false},"excerpt":{"rendered":"<p>ORAN &#8211; Les march\u00e9s de d\u00e9tail renouent avec la flamb\u00e9e des prix des fruits et l\u00e9gumes, depuis le d\u00e9but du mois sacr\u00e9 de Ramadhan, en d\u00e9pit des prix de r\u00e9f\u00e9rence, fix\u00e9s par les pouvoirs publics. Les commer\u00e7ants n\u2019ont pas manqu\u00e9 d\u2019augmenter de mani\u00e8re consid\u00e9rable leurs prix, par rapport \u00e0 ceux de r\u00e9f\u00e9rence, d\u00e9passant parfois les [&hellip;]<\/p>\n","protected":false},"author":1790,"featured_media":33245,"comment_status":"closed","ping_status":"closed","sticky":false,"template":"","format":"standard","meta":{"fifu_image_url":"","fifu_image_alt":"","footnotes":""},"categories":[53,76],"tags":[],"class_list":["post-33239","post","type-post","status-publish","format-standard","has-post-thumbnail","hentry","category-algerie","category-regions"],"_links":{"self":[{"href":"https:\/\/linitiative.ca\/International\/wp-json\/wp\/v2\/posts\/33239","targetHints":{"allow":["GET"]}}],"collection":[{"href":"https:\/\/linitiative.ca\/International\/wp-json\/wp\/v2\/posts"}],"about":[{"href":"https:\/\/linitiative.ca\/International\/wp-json\/wp\/v2\/types\/post"}],"author":[{"embeddable":true,"href":"https:\/\/linitiative.ca\/International\/wp-json\/wp\/v2\/users\/1790"}],"replies":[{"embeddable":true,"href":"https:\/\/linitiative.ca\/International\/wp-json\/wp\/v2\/comments?post=33239"}],"version-history":[{"count":0,"href":"https:\/\/linitiative.ca\/International\/wp-json\/wp\/v2\/posts\/33239\/revisions"}],"wp:featuredmedia":[{"embeddable":true,"href":"https:\/\/linitiative.ca\/International\/wp-json\/"}],"wp:attachment":[{"href":"https:\/\/linitiative.ca\/International\/wp-json\/wp\/v2\/media?parent=33239"}],"wp:term":[{"taxonomy":"category","embeddable":true,"href":"https:\/\/linitiative.ca\/International\/wp-json\/wp\/v2\/categories?post=33239"},{"taxonomy":"post_tag","embeddable":true,"href":"https:\/\/linitiative.ca\/International\/wp-json\/wp\/v2\/tags?post=33239"}],"curies":[{"name":"wp","href":"https:\/\/api.w.org\/{rel}","templated":true}]}}