{"id":33240,"date":"2019-05-09T06:00:00","date_gmt":"2019-05-09T10:00:00","guid":{"rendered":"https:\/\/linitiative.ca\/International\/le-difficile-pari-du-ministere-du-commerce\/"},"modified":"2019-05-09T06:00:00","modified_gmt":"2019-05-09T10:00:00","slug":"le-difficile-pari-du-ministere-du-commerce","status":"publish","type":"post","link":"https:\/\/linitiative.ca\/International\/le-difficile-pari-du-ministere-du-commerce\/","title":{"rendered":"Le difficile pari du minist\u00e8re du Commerce"},"content":{"rendered":"<div id=\"originalText\" readability=\"86\">\n<p><strong class=\"c10\">Le d\u00e9partement de M. Djellab, qui croyait s\u2019\u00eatre bien pr\u00e9par\u00e9 pour rass\u00e9r\u00e9ner le citoyen durant le mois de je\u00fbne,\u00a0a vite \u00e9t\u00e9 rattrap\u00e9 par la r\u00e9alit\u00e9 du march\u00e9.<\/strong><\/p>\n<p class=\"c11\">La strat\u00e9gie con\u00e7ue pour le secteur du commerce depuis au moins les deux derni\u00e8res d\u00e9cennies n\u2019a pas eu les r\u00e9sultats escompt\u00e9s. Le constat \u00e9tabli depuis les ann\u00e9es 1990 est toujours d\u2019actualit\u00e9. D\u2019ann\u00e9e en ann\u00e9e, la sc\u00e8ne commerciale du pays vit toujours les m\u00eames irr\u00e9gularit\u00e9s et probl\u00e9matiques que tous les ministres qui se sont succ\u00e9d\u00e9 n\u2019ont pu r\u00e9soudre. Pis encore, un fait nouveau attire l\u2019attention de tous les observateurs pour le Ramadhan 2019.\u00a0Il est l\u2019\u0153uvre des agents de contr\u00f4le qui ont enclench\u00e9 un mouvement de gr\u00e8ve dans plusieurs wilayas. Les inspecteurs et les contr\u00f4leurs commerciaux ont organis\u00e9 des sit-in de protestation devant les divers si\u00e8ges des Directions du commerce \u00e0 travers le pays notamment \u00e0 Alger, Chlef, Mostaganem, Laghouat et M\u2019sila.\u00a0<\/p>\n<p class=\"c11\">Ces fonctionnaires refusent de travailler dans les conditions inappropri\u00e9es qui pr\u00e9valent actuellement au sein des diff\u00e9rentes structures. Ils ne veulent plus descendre sur le terrain dans la conjoncture sensible que traverse le pays afin de prot\u00e9ger leur sant\u00e9 physique et morale. Alors qu\u2019ils devaient concr\u00e9tiser des sorties d\u2019inspection en ce d\u00e9but du mois sacr\u00e9, les agents de contr\u00f4le ont pr\u00e9f\u00e9r\u00e9 tenir mardi, dans la matin\u00e9e, un rassemblement devant le minist\u00e8re du Commerce pour contester les conditions de travail et exiger leur protection dans l\u2019exercice de leur mission. Les grossistes du march\u00e9 des fruits et l\u00e9gumes des Eucalyptus ont embo\u00eet\u00e9 le pas \u00e0 leurs contr\u00f4leurs et ont, eux-aussi, entam\u00e9 un d\u00e9brayage pour d\u00e9noncer la \u201cmauvaise gestion\u201d de leur administration. Cette contestation inhabituelle et inattendue des contr\u00f4leurs et des commer\u00e7ants illustre parfaitement le malaise qui ronge le secteur depuis des ann\u00e9es. Le d\u00e9partement de M. Djellab, qui croyait s\u2019\u00eatre bien pr\u00e9par\u00e9 pour rass\u00e9r\u00e9ner le citoyen durant le mois de je\u00fbne, a \u00e9t\u00e9 aussit\u00f4t rattrap\u00e9 par la r\u00e9alit\u00e9 du\u2026 march\u00e9. Il a tout faux car aucune des mesures prises au pr\u00e9alable n\u2019a pu att\u00e9nuer les perturbations classiques qu\u2019enregistre le march\u00e9 pendant le Ramadhan. Force est de constater que le minist\u00e8re n\u2019a pas r\u00e9ussi \u00e0 \u00e9viter l\u2019inexorable flamb\u00e9e des prix \u00e0 la veille du rite religieux. La mercuriale s\u2019est, en effet, enflamm\u00e9e d\u00e8s le premier jour du mois sacr\u00e9, et ce, malgr\u00e9 les tarifs de r\u00e9f\u00e9rence impos\u00e9s par le minist\u00e8re.<\/p>\n<p class=\"c11\">La hausse des prix des fruits et l\u00e9gumes et d\u2019autres produits alimentaires a franchi le seuil du tol\u00e9rable puisqu\u2019elle a \u00e9t\u00e9 estim\u00e9e \u00e0 20, voire 30 DA de plus. L\u2019autre d\u00e9fi de la tutelle \u2014 et qu\u2019elle n\u2019a pu relever \u2014 a trait \u00e0 l\u2019installation de 530 march\u00e9s de proximit\u00e9 dans le but de transcender les m\u00e9faits de la sp\u00e9culation. Effectivement, rares sont les communes qui ont appliqu\u00e9 cette d\u00e9cision et mis en place ces march\u00e9s, dits parisiens. O\u00f9 sont \u00e9galement les 1 000 march\u00e9s de proximit\u00e9, les 800 march\u00e9s de d\u00e9tail et les 30 march\u00e9s de gros promis dans le cadre du programme pr\u00e9sidentiel 2010-2014 ? Cette contre-performance a, cependant, aggrav\u00e9 les cons\u00e9quences de l\u2019informel. Voil\u00e0 un autre mal dont l\u2019Alg\u00e9rie n\u2019arrive plus \u00e0 se gu\u00e9rir. Quant aux quelques infrastructures \u00e9difi\u00e9es, elles le sont dans des endroits inadapt\u00e9s, souvent isol\u00e9s, donc abandonn\u00e9s par les commer\u00e7ants.<\/p>\n<p class=\"c11\">Le march\u00e9 continue, en outre, \u00e0 faire face \u00e0 de r\u00e9currentes p\u00e9nuries de nombreux produits \u00e0 longueur d\u2019ann\u00e9e notamment le lait, la pomme de terre\u2026 Par ailleurs, le ministre du Commerce s\u2019est engag\u00e9 \u00e0 faire de 2019 l\u2019ann\u00e9e des exportations hors hydrocarbures (EHH).\u00a0Or, en pratique, la situation qui pr\u00e9vaut dans ce secteur n\u2019est gu\u00e8re favorable pour atteindre un tel objectif. Tous les param\u00e8tres plaident au contraire pour un montant insignifiant qui avoisinerait les 2 milliards de dollars d\u2019EHH pour l\u2019exercice 2019.\u00a0<br \/>\u00a0<\/p>\n<p class=\"c12\"><strong>B. K.<\/strong><\/p>\n<p class=\"c11\">\u00a0<\/p>\n<\/div>\n<div id=\"text_core\" readability=\"86\">\n<p><strong class=\"c10\">Le d\u00e9partement de M. Djellab, qui croyait s\u2019\u00eatre bien pr\u00e9par\u00e9 pour rass\u00e9r\u00e9ner le citoyen durant le mois de je\u00fbne,\u00a0a vite \u00e9t\u00e9 rattrap\u00e9 par la r\u00e9alit\u00e9 du march\u00e9.<\/strong><\/p>\n<p class=\"c11\">La strat\u00e9gie con\u00e7ue pour le secteur du commerce depuis au moins les deux derni\u00e8res d\u00e9cennies n\u2019a pas eu les r\u00e9sultats escompt\u00e9s. Le constat \u00e9tabli depuis les ann\u00e9es 1990 est toujours d\u2019actualit\u00e9. D\u2019ann\u00e9e en ann\u00e9e, la sc\u00e8ne commerciale du pays vit toujours les m\u00eames irr\u00e9gularit\u00e9s et probl\u00e9matiques que tous les ministres qui se sont succ\u00e9d\u00e9 n\u2019ont pu r\u00e9soudre. Pis encore, un fait nouveau attire l\u2019attention de tous les observateurs pour le Ramadhan 2019.\u00a0Il est l\u2019\u0153uvre des agents de contr\u00f4le qui ont enclench\u00e9 un mouvement de gr\u00e8ve dans plusieurs wilayas. Les inspecteurs et les contr\u00f4leurs commerciaux ont organis\u00e9 des sit-in de protestation devant les divers si\u00e8ges des Directions du commerce \u00e0 travers le pays notamment \u00e0 Alger, Chlef, Mostaganem, Laghouat et M\u2019sila.\u00a0<\/p>\n<p class=\"c11\">Ces fonctionnaires refusent de travailler dans les conditions inappropri\u00e9es qui pr\u00e9valent actuellement au sein des diff\u00e9rentes structures. Ils ne veulent plus descendre sur le terrain dans la conjoncture sensible que traverse le pays afin de prot\u00e9ger leur sant\u00e9 physique et morale. Alors qu\u2019ils devaient concr\u00e9tiser des sorties d\u2019inspection en ce d\u00e9but du mois sacr\u00e9, les agents de contr\u00f4le ont pr\u00e9f\u00e9r\u00e9 tenir mardi, dans la matin\u00e9e, un rassemblement devant le minist\u00e8re du Commerce pour contester les conditions de travail et exiger leur protection dans l\u2019exercice de leur mission. Les grossistes du march\u00e9 des fruits et l\u00e9gumes des Eucalyptus ont embo\u00eet\u00e9 le pas \u00e0 leurs contr\u00f4leurs et ont, eux-aussi, entam\u00e9 un d\u00e9brayage pour d\u00e9noncer la \u201cmauvaise gestion\u201d de leur administration. Cette contestation inhabituelle et inattendue des contr\u00f4leurs et des commer\u00e7ants illustre parfaitement le malaise qui ronge le secteur depuis des ann\u00e9es. Le d\u00e9partement de M. Djellab, qui croyait s\u2019\u00eatre bien pr\u00e9par\u00e9 pour rass\u00e9r\u00e9ner le citoyen durant le mois de je\u00fbne, a \u00e9t\u00e9 aussit\u00f4t rattrap\u00e9 par la r\u00e9alit\u00e9 du\u2026 march\u00e9. Il a tout faux car aucune des mesures prises au pr\u00e9alable n\u2019a pu att\u00e9nuer les perturbations classiques qu\u2019enregistre le march\u00e9 pendant le Ramadhan. Force est de constater que le minist\u00e8re n\u2019a pas r\u00e9ussi \u00e0 \u00e9viter l\u2019inexorable flamb\u00e9e des prix \u00e0 la veille du rite religieux. La mercuriale s\u2019est, en effet, enflamm\u00e9e d\u00e8s le premier jour du mois sacr\u00e9, et ce, malgr\u00e9 les tarifs de r\u00e9f\u00e9rence impos\u00e9s par le minist\u00e8re.<\/p>\n<p class=\"c11\">La hausse des prix des fruits et l\u00e9gumes et d\u2019autres produits alimentaires a franchi le seuil du tol\u00e9rable puisqu\u2019elle a \u00e9t\u00e9 estim\u00e9e \u00e0 20, voire 30 DA de plus. L\u2019autre d\u00e9fi de la tutelle \u2014 et qu\u2019elle n\u2019a pu relever \u2014 a trait \u00e0 l\u2019installation de 530 march\u00e9s de proximit\u00e9 dans le but de transcender les m\u00e9faits de la sp\u00e9culation. Effectivement, rares sont les communes qui ont appliqu\u00e9 cette d\u00e9cision et mis en place ces march\u00e9s, dits parisiens. O\u00f9 sont \u00e9galement les 1 000 march\u00e9s de proximit\u00e9, les 800 march\u00e9s de d\u00e9tail et les 30 march\u00e9s de gros promis dans le cadre du programme pr\u00e9sidentiel 2010-2014 ? Cette contre-performance a, cependant, aggrav\u00e9 les cons\u00e9quences de l\u2019informel. Voil\u00e0 un autre mal dont l\u2019Alg\u00e9rie n\u2019arrive plus \u00e0 se gu\u00e9rir. Quant aux quelques infrastructures \u00e9difi\u00e9es, elles le sont dans des endroits inadapt\u00e9s, souvent isol\u00e9s, donc abandonn\u00e9s par les commer\u00e7ants.<\/p>\n<p class=\"c11\">Le march\u00e9 continue, en outre, \u00e0 faire face \u00e0 de r\u00e9currentes p\u00e9nuries de nombreux produits \u00e0 longueur d\u2019ann\u00e9e notamment le lait, la pomme de terre\u2026 Par ailleurs, le ministre du Commerce s\u2019est engag\u00e9 \u00e0 faire de 2019 l\u2019ann\u00e9e des exportations hors hydrocarbures (EHH).\u00a0Or, en pratique, la situation qui pr\u00e9vaut dans ce secteur n\u2019est gu\u00e8re favorable pour atteindre un tel objectif. Tous les param\u00e8tres plaident au contraire pour un montant insignifiant qui avoisinerait les 2 milliards de dollars d\u2019EHH pour l\u2019exercice 2019.\u00a0<br \/>\u00a0<\/p>\n<p class=\"c12\"><strong>B. K.<\/strong><\/p>\n<p class=\"c11\">\u00a0<\/p>\n<\/div>\n<p>Auteur:<br \/>\n<a href=\"https:\/\/www.liberte-algerie.com\/actualite\/le-difficile-pari-du-ministere-du-commerce-315455\">Cliquez ici pour lire l&rsquo;article depuis sa source.<\/a><\/p>\n","protected":false},"excerpt":{"rendered":"<p>Le d\u00e9partement de M. Djellab, qui croyait s\u2019\u00eatre bien pr\u00e9par\u00e9 pour rass\u00e9r\u00e9ner le citoyen durant le mois de je\u00fbne,\u00a0a vite \u00e9t\u00e9 rattrap\u00e9 par la r\u00e9alit\u00e9 du march\u00e9. La strat\u00e9gie con\u00e7ue pour le secteur du commerce depuis au moins les deux derni\u00e8res d\u00e9cennies n\u2019a pas eu les r\u00e9sultats escompt\u00e9s. Le constat \u00e9tabli depuis les ann\u00e9es 1990 [&hellip;]<\/p>\n","protected":false},"author":1742,"featured_media":0,"comment_status":"closed","ping_status":"closed","sticky":false,"template":"","format":"standard","meta":{"fifu_image_url":"","fifu_image_alt":"","footnotes":""},"categories":[73,53],"tags":[],"class_list":["post-33240","post","type-post","status-publish","format-standard","hentry","category-actualite","category-algerie"],"_links":{"self":[{"href":"https:\/\/linitiative.ca\/International\/wp-json\/wp\/v2\/posts\/33240","targetHints":{"allow":["GET"]}}],"collection":[{"href":"https:\/\/linitiative.ca\/International\/wp-json\/wp\/v2\/posts"}],"about":[{"href":"https:\/\/linitiative.ca\/International\/wp-json\/wp\/v2\/types\/post"}],"author":[{"embeddable":true,"href":"https:\/\/linitiative.ca\/International\/wp-json\/wp\/v2\/users\/1742"}],"replies":[{"embeddable":true,"href":"https:\/\/linitiative.ca\/International\/wp-json\/wp\/v2\/comments?post=33240"}],"version-history":[{"count":0,"href":"https:\/\/linitiative.ca\/International\/wp-json\/wp\/v2\/posts\/33240\/revisions"}],"wp:attachment":[{"href":"https:\/\/linitiative.ca\/International\/wp-json\/wp\/v2\/media?parent=33240"}],"wp:term":[{"taxonomy":"category","embeddable":true,"href":"https:\/\/linitiative.ca\/International\/wp-json\/wp\/v2\/categories?post=33240"},{"taxonomy":"post_tag","embeddable":true,"href":"https:\/\/linitiative.ca\/International\/wp-json\/wp\/v2\/tags?post=33240"}],"curies":[{"name":"wp","href":"https:\/\/api.w.org\/{rel}","templated":true}]}}