{"id":33244,"date":"2019-05-09T06:00:00","date_gmt":"2019-05-09T10:00:00","guid":{"rendered":"https:\/\/linitiative.ca\/International\/les-laureats-connus\/"},"modified":"2019-05-09T06:00:00","modified_gmt":"2019-05-09T10:00:00","slug":"les-laureats-connus","status":"publish","type":"post","link":"https:\/\/linitiative.ca\/International\/les-laureats-connus\/","title":{"rendered":"Les laur\u00e9ats connus"},"content":{"rendered":"<p>La comp\u00e9tition culturelle \u00abAklam Biladi\u00bb (Plumes de mon pays) qu&rsquo;organise chaque ann\u00e9e le minist\u00e8re de l&rsquo;Education nationale pour faire d\u00e9couvrir les jeunes talents parmi les \u00e9l\u00e8ves des diff\u00e9rents \u00e9tablissements scolaires du pays est arriv\u00e9e \u00e0 sa phase finale au niveau de la wilaya de A\u00efn-t\u00e9mouchent, o\u00f9 180 \u0153uvres entre po\u00e8mes et essais dans les quatre langues, \u00e0 savoir l\u2019arabe, le fran\u00e7ais, l&rsquo;anglais et le tamazight, ont \u00e9t\u00e9 tri\u00e9es.\u00a0<br \/>La phase finale a regroup\u00e9 les \u00e9l\u00e8ves qualifi\u00e9s \u00e0 ce concours \u00e0 l&rsquo;Institut de formation des cadres de l&rsquo;\u00e9ducation nationale Bachir-Ibrahimi de A\u00efn-t\u00e9mouchent en pr\u00e9sence de Mme la directrice de l&rsquo;\u00e9ducation qui a donn\u00e9 le coup d&rsquo;envoi. Les futurs artistes \u00e9taient install\u00e9s en plein air o\u00f9 ils ont donn\u00e9 libre cours \u00e0 leurs imagination et inspiration sur le th\u00e8me impos\u00e9 des \u00absentiments\u00bb.\u00a0<br \/>Sur 180 travaux, 18 seulement ont \u00e9t\u00e9 s\u00e9lectionn\u00e9s par les diff\u00e9rentes commissions du jury pour chaque palier et chaque mati\u00e8re, chapeaut\u00e9es par les inspecteurs coordinateurs :\u00a0 \u00a0 \u00a0 \u00a0Mme Mokaddem Safia du primaire,\u00a0 M. Maghni Sandid du moyen et M. Meddane, inspecteur national du cycle secondaire.\u00a0<br \/>Au terme de l&rsquo;op\u00e9ration de correction des travaux qui s&rsquo;est d\u00e9roul\u00e9e au CEM Emir-Khaled de A\u00efn-T\u00e9mouchent dimanche dernier, les jurys, repr\u00e9sent\u00e9s par des professeurs principaux et des inspecteurs des trois paliers dont M. Benayad Djamal et M. Bela\u00efd Abdelhafid (inspecteurs de fran\u00e7ais), les titres des travaux en langue fran\u00e7aise sont revenus aux \u00e9l\u00e8ves suivants :<br \/>&#8211; Au cycle primaire : la 1re place pour Ma\u00e2rouf Ghizlane de l&rsquo;\u00e9cole Taleb-Abderrahmane suivie par Brahim Ikram de l\u2019\u00e9cole Ibn-Rochd de Beni-saf.\u00a0<br \/>Au cycle moyen : 1re place pour Moulkhaloua Tara du CEM Mohamed-La\u00efd-Al-Khalifa de Cha\u00e2bet El-Leham, la 2e place pour Bendadouche Meriem du CEM Berrichi-Younes de A\u00efn-t\u00e9mouchent.\u00a0<br \/>&#8211; Pour le cycle secondaire : la 1re place est revenue \u00e0 Touil Maroua de Tafna et la deuxi\u00e8me \u00e0 Taghli Zahia Sara du lyc\u00e9e Maghni-Sandid de A\u00efn-t\u00e9mouchent\u00a0<br \/>Pour rappel, la coll\u00e9gienne Moulkahloua Tara, 14 ans, \u00e0 laquelle le Soir d&rsquo;Alg\u00e9rie avait consacr\u00e9 un article en octobre 2017 s&rsquo;est illustr\u00e9e cette ann\u00e9e avec son po\u00e8me La tristesse, une \u0153uvre pleine d&rsquo;\u00e9motions et de sentiments pour une future po\u00e9tesse. Son professeure de langue fran\u00e7aise, Benfatma Khadra, dira \u00e0 son sujet que c&rsquo;est une \u00e9l\u00e8ve studieuse, tr\u00e8s dou\u00e9e pour son \u00e2ge, qui lit beaucoup. Les productions \u00e9crites qu&rsquo;elle r\u00e9dige en classe sont des chefs-d\u2019\u0153uvre. Elle lui pr\u00e9dit un bel avenir dans le domaine de l&rsquo;\u00e9criture.\u00a0<br \/>S. Belkallouche<\/p>\n<p>Auteur:<br \/>\n<a href=\"https:\/\/www.lesoirdalgerie.com\/culture\/les-laureats-connus-23558\">Cliquez ici pour lire l&rsquo;article depuis sa source.<\/a><\/p>\n","protected":false},"excerpt":{"rendered":"<p>La comp\u00e9tition culturelle \u00abAklam Biladi\u00bb (Plumes de mon pays) qu&rsquo;organise chaque ann\u00e9e le minist\u00e8re de l&rsquo;Education nationale pour faire d\u00e9couvrir les jeunes talents parmi les \u00e9l\u00e8ves des diff\u00e9rents \u00e9tablissements scolaires du pays est arriv\u00e9e \u00e0 sa phase finale au niveau de la wilaya de A\u00efn-t\u00e9mouchent, o\u00f9 180 \u0153uvres entre po\u00e8mes et essais dans les quatre [&hellip;]<\/p>\n","protected":false},"author":1741,"featured_media":0,"comment_status":"closed","ping_status":"closed","sticky":false,"template":"","format":"standard","meta":{"fifu_image_url":"","fifu_image_alt":"","footnotes":""},"categories":[73,53],"tags":[],"class_list":["post-33244","post","type-post","status-publish","format-standard","hentry","category-actualite","category-algerie"],"_links":{"self":[{"href":"https:\/\/linitiative.ca\/International\/wp-json\/wp\/v2\/posts\/33244","targetHints":{"allow":["GET"]}}],"collection":[{"href":"https:\/\/linitiative.ca\/International\/wp-json\/wp\/v2\/posts"}],"about":[{"href":"https:\/\/linitiative.ca\/International\/wp-json\/wp\/v2\/types\/post"}],"author":[{"embeddable":true,"href":"https:\/\/linitiative.ca\/International\/wp-json\/wp\/v2\/users\/1741"}],"replies":[{"embeddable":true,"href":"https:\/\/linitiative.ca\/International\/wp-json\/wp\/v2\/comments?post=33244"}],"version-history":[{"count":0,"href":"https:\/\/linitiative.ca\/International\/wp-json\/wp\/v2\/posts\/33244\/revisions"}],"wp:attachment":[{"href":"https:\/\/linitiative.ca\/International\/wp-json\/wp\/v2\/media?parent=33244"}],"wp:term":[{"taxonomy":"category","embeddable":true,"href":"https:\/\/linitiative.ca\/International\/wp-json\/wp\/v2\/categories?post=33244"},{"taxonomy":"post_tag","embeddable":true,"href":"https:\/\/linitiative.ca\/International\/wp-json\/wp\/v2\/tags?post=33244"}],"curies":[{"name":"wp","href":"https:\/\/api.w.org\/{rel}","templated":true}]}}