{"id":33249,"date":"2019-05-09T09:09:20","date_gmt":"2019-05-09T13:09:20","guid":{"rendered":"https:\/\/linitiative.ca\/International\/ligue-1-2-mob-lheure-est-a-la-mobilisation-a-bejaia\/"},"modified":"2019-05-09T09:09:20","modified_gmt":"2019-05-09T13:09:20","slug":"ligue-1-2-mob-lheure-est-a-la-mobilisation-a-bejaia","status":"publish","type":"post","link":"https:\/\/linitiative.ca\/International\/ligue-1-2-mob-lheure-est-a-la-mobilisation-a-bejaia\/","title":{"rendered":"Ligue 1 &#038; 2 : MOB : L\u2019heure est \u00e0 la mobilisation \u00e0 B\u00e9ja\u00efa"},"content":{"rendered":"<div readability=\"32\">\n<p>Auteur : <span>S. A.<\/span> <span class=\"time\">jeudi 09 mai 2019 10:29<\/span><\/p>\n<\/div>\n<div id=\"post_core\" readability=\"135\">\n<p>\u00abO ublions les derniers contre-performances\u00bb, tel est le mot d\u2019ordre au sein de cette \u00e9quipe du MOB \u00e0 la veille du match contre le PAC pr\u00e9vu pour ce samedi \u00e0 22h30, d\u2019apr\u00e8s la derni\u00e8re programmation de la LFP. Joueurs, dirigeants, staffs et m\u00eame supporters, sont tous conscients que ce rendez-vous devant le PAC sera crucial pour la suite du championnat apr\u00e8s le tr\u00e8s mauvais parcours r\u00e9alis\u00e9 depuis le d\u00e9but de saison avec notamment des matches sans la moindre victoire. D\u2019ailleurs, un \u00e9ventuel faux pas ce samedi, contre la formation de Paradou, sera tout simplement synonyme d\u2019une crise ouverte \u00e0 tous les dangers, sachant que le driver Alain Michel n\u2019a gagn\u00e9 qu\u2019un seul match face \u00e0 l\u2019USMBA depuis son retour \u00e0 la t\u00eate de la barre technique, en remplacement \u00e0 Madoui.<br \/><strong>Michel met les bouch\u00e9es doubles et galvanise ses troupes<\/strong><br \/>En technicien averti, Alain Michel fait de son mieux pour remobiliser ses troupes apr\u00e8s les derni\u00e8res m\u00e9saventures v\u00e9cues par ces joueurs. Juste pour l\u2019information, le coach b\u00e9jaoui, et afin d\u2019\u00e9viter une pression suppl\u00e9mentaire, a jug\u00e9 utile de changer d\u2019horaire d\u2019entra\u00eenement en optant pour une s\u00e9ance dans la soir\u00e9e. Le Fran\u00e7ais a profit\u00e9 de chaque occasion pour galvaniser ses troupes qui sont, visiblement, tr\u00e8s attentives, du moment que tout le monde parle des trois points face au Paradou. \u00abLa situation devient de plus en plus d\u00e9licate et vous le savez tous. Nous sommes tous responsables de ces mauvais r\u00e9sultats et nous nous devons tous r\u00e9agir par la meilleure des fa\u00e7ons et personnellement, je compte \u00e9norm\u00e9ment sur vous pour gagner ce match face au PAC\u00bb, a fait savoir le coach \u00e0 ses joueurs.<br \/><strong>\u00abParadou, c\u2019est votre match de la saison !\u00bb<\/strong><br \/>Le technicien b\u00e9jaoui a essay\u00e9 de motiver ses \u00e9l\u00e9ments, en pr\u00e9vision du match du PAC. D\u2019ailleurs, il a tent\u00e9 aussi de les mettre devant leurs responsabilit\u00e9s car cette rencontre est d\u2019une importance capitale pour eux, vu l\u2019enjeu de cette confrontation. En se retrouvant au pied du mur, le MOB est dans l\u2019obligation de r\u00e9agir, car un autre \u00e9chec d\u2019affil\u00e9e fera sans aucun doute imploser le groupe, et le club sera certainement plus lanc\u00e9 par la rel\u00e9gation \u00e0 jamais : \u00abIl faut tourner la page et oublier ces derniers revers. Nous n\u2019avons plus le droit \u00e0 l\u2019erreur, et seule la victoire contre le Paradou nous relancera en championnat, c\u2019est votre match de la saison et il faut \u00eatre \u00e0 la hauteur de la confiance que le club a plac\u00e9e en vous.\u00bb<br \/><strong>Les joueurs ne jurent que par la victoire<\/strong><br \/>Les hommes de Michel, qui ont carr\u00e9ment rat\u00e9 leurs derni\u00e8res sorties, sont, cette fois-ci, bien d\u00e9cid\u00e9s \u00e0 provoquer un nouveau d\u00e9clic. En effet, puisque tous les joueurs approch\u00e9s affirment que l\u2019\u00e9quipe sera \u00e0 la hauteur de l\u2019\u00e9v\u00e9nement. \u00abCette fois-ci, ce sera une autre paire de manches car la situation devient de plus en plus d\u00e9licate. Face au Paradou, il faut tout simplement se sacrifier pour arracher cette fameuse victoire qui va nous remettre sur les rails. En plus, il est hors de question de d\u00e9cevoir une nouvelle fois notre grand public qui est tr\u00e8s en col\u00e8re contre nous et il a enti\u00e8rement raison\u00bb, disent-ils. M\u00eame son de cloche chez tous les autres \u00e9l\u00e9ments contact\u00e9s qui parlent tous le m\u00eame langage : \u00abLa victoire\u00bb et rien d\u2019autre. Reste \u00e0 la confirmer ce samedi o\u00f9 l\u2019erreur est tout simplement interdite pour le club des 13-Martyrs.<br \/>\u00a0\u00a0\u00a0\u00a0\u00a0\u00a0\u00a0\u00a0\u00a0\u00a0\u00a0\u00a0\u00a0\u00a0\u00a0\u00a0\u00a0\u00a0\u00a0\u00a0\u00a0\u00a0\u00a0\u00a0\u00a0\u00a0\u00a0\u00a0\u00a0\u00a0\u00a0\u00a0\u00a0\u00a0\u00a0\u00a0\u00a0\u00a0\u00a0\u00a0\u00a0\u00a0\u00a0\u00a0\u00a0\u00a0\u00a0\u00a0\u00a0\u00a0\u00a0\u00a0\u00a0\u00a0\u00a0\u00a0\u00a0\u00a0\u00a0\u00a0\u00a0\u00a0\u00a0\u00a0\u00a0\u00a0\u00a0\u00a0\u00a0\u00a0\u00a0\u00a0\u00a0\u00a0\u00a0\u00a0\u00a0\u00a0\u00a0\u00a0\u00a0\u00a0\u00a0\u00a0\u00a0\u00a0\u00a0\u00a0\u00a0\u00a0\u00a0\u00a0\u00a0\u00a0\u00a0\u00a0\u00a0\u00a0\u00a0\u00a0\u00a0\u00a0\u00a0\u00a0\u00a0\u00a0\u00a0\u00a0\u00a0\u00a0\u00a0\u00a0\u00a0\u00a0\u00a0\u00a0\u00a0\u00a0\u00a0\u00a0\u00a0\u00a0\u00a0\u00a0\u00a0\u00a0\u00a0\u00a0\u00a0\u00a0\u00a0\u00a0\u00a0\u00a0\u00a0\u00a0\u00a0\u00a0\u00a0\u00a0\u00a0\u00a0\u00a0\u00a0\u00a0\u00a0\u00a0\u00a0\u00a0\u00a0\u00a0\u00a0\u00a0\u00a0\u00a0\u00a0\u00a0\u00a0\u00a0\u00a0\u00a0\u00a0\u00a0\u00a0\u00a0\u00a0\u00a0\u00a0\u00a0\u00a0\u00a0\u00a0\u00a0\u00a0<\/p>\n<p><strong>Toual \u00abC\u2019est le moment de sonner notre r\u00e9volte !\u00bb<\/strong><\/p>\n<p>Apr\u00e8s presque 20 jours de travail, vous avez un match important \u00e0 jouer face au PAC ce samedi, dans quelle situation se trouve le moral du groupe ?<br \/>Nous sommes dans une situation difficile, car nous n\u2019avons pas r\u00e9ussi une bonne phase retour. On aurait aim\u00e9 aborder cette rencontre face au PAC dans de meilleures conditions, mais nous n\u2019avons d\u2019autres choix que de se ressaisir et battre cette \u00e9quipe. C\u2019est la seule mani\u00e8re pour nous de rebondir et de se relancer.<br \/><strong>Les supporters sont d\u00e9\u00e7us de vos r\u00e9sultats ; ils ne s\u2019attendaient nullement \u00e0 ce sc\u00e9nario. Un commentaire ?<\/strong><br \/>Je suis vraiment d\u00e9sol\u00e9 pour nos fans qui nous ont toujours soutenus et je leur lance un appel pour qu\u2019ils soient toujours \u00e0 nos c\u00f4t\u00e9s et on t\u00e2chera \u00e0 leur offrir la victoire face au PAC. C\u2019est le seul moyen de se racheter et de se relancer en championnat et atteindre notre objectif.<br \/><strong>Certains qualifient cette rencontre de capitale car une autre contre-performance prolongera l\u2019\u00e9quipe dans la crise\u2026<\/strong><br \/>Oui, c\u2019est le cas de le dire car je n\u2019imagine aucun autre sc\u00e9nario que la victoire, car on doit prendre les trois points. Je pense seulement que nous avons manqu\u00e9 de chance, et je suis persuad\u00e9 qu\u2019on va se ressaisir cette semaine.<br \/><strong>Comment se pr\u00e9sente donc ce match pour vous ?<\/strong><br \/>Tout le monde s\u2019attend \u00e0 une rencontre tr\u00e8s difficile, comme cela a souvent \u00e9t\u00e9 le cas, entre les deux \u00e9quipes par le pass\u00e9. Pour ce qui nous concerne, nous sommes anim\u00e9s d\u2019une grande d\u00e9termination et d\u2019une farouche volont\u00e9 de remporter le gain du match. On sait pertinemment que le PAC est un redoutable adversaire qu\u2019il n\u2019est jamais tr\u00e8s ais\u00e9 de faire plier. Mais, on fera un match d\u2019hommes pour venir \u00e0 bout de cette \u00e9quipe.<br \/><strong>L\u2019\u00e9quipe a \u00e9chou\u00e9 offensivement lors des derniers matchs, pensez-vous qu\u2019elle pourra se surpasser dans ce prochain match ?<\/strong><br \/>Pourquoi pas ? Il ne faut pas oublier qu\u2019on ne doit pas rater ce match, c&rsquo;est-\u00e0-dire qu\u2019on jouera l\u2019attaque \u00e0 outrance, ce qui nous laissera plus d\u2019espace pour nous exprimer offensivement, et c\u2019est ce qui augmentera nos chances de marquer, il faut saisir la moindre occasion car celui qui marque le premier dans un tel match aura de grandes chances de gagner.<br \/><strong>Les changements fr\u00e9quents d\u2019\u00e9l\u00e9ments ne vous affecteront-ils pas encore cette fois-ci ?<\/strong><br \/>On est confront\u00e9s au probl\u00e8me de blessures et suspensions ; et c\u2019est normal qu\u2019on trouve \u00e0 chaque fois de nouveaux \u00e9l\u00e9ments qui font leur apparition pour avoir leur chance de jouer. L\u2019essentiel est que ceux qui soient sur le terrain donnent un plus et jouent \u00e0 100% de leurs qualit\u00e9s.<br \/><strong>Vos supporters n\u2019attendent que cela. Le PAC, c\u2019est pour le match de la saison. Si vous battez cette \u00e9quipe, ils vous pardonneront tout par la suite, n\u2019est-ce-pas ?<\/strong><br \/>Exact ! Cela on en est tous tr\u00e8s conscients. On s\u2019est bien pr\u00e9par\u00e9s comme on a l\u2019habitude de le faire pour chaque rencontre, mais, comme celle-l\u00e0 est sp\u00e9ciale, la pr\u00e9paration psychologique et mentale de ce match devient particuli\u00e8re. Toutefois, on l\u2019abordera comme on a l\u2019habitude de le faire avec les autres adversaires, parce que le plus important pour nous est de jouer notre football, en \u00e9vitant de se faire une trop grande pression qui pourra \u00eatre n\u00e9faste pour nous.<br \/>\u00a0<\/p>\n<p><strong>Amokrane r\u00e9int\u00e8gre le groupe<\/strong><br \/>Alors qu\u2019il a entam\u00e9 les entra\u00eenements avec le groupe, l\u2019attaquant du MOB, Abdelhakim Amokrane, reste pour cette confrontation. Celui-ci souffre d&rsquo;une blessure \u00e0 la cuisse et pourra donc manquer \u00e0 l&rsquo;appel, ce qui n&rsquo;est pas fait pour arranger les affaires du MOB. Le joueur tra\u00eene cette blessure depuis le match qu&rsquo;il a disput\u00e9 face au NAHD. Une fois \u00e0 B\u00e9ja\u00efa, le joueur est en train de suivre un programme bien sp\u00e9cifique afin de r\u00e9cup\u00e9rer au plus vite, et c&rsquo;est naturellement le staff m\u00e9dical qui se charge de la mission de le remettre sur pied dans les meilleurs d\u00e9lais, sachant que le staff technique ne souhaite en aucun cas voir l&rsquo;une de ses pi\u00e8ces ma\u00eetresses indisponibles pour le match face au PAC.<br \/><strong>On se montre optimistes pour le r\u00e9cup\u00e9rer<\/strong><br \/>Bien que les B\u00e9jaouis ne veulent pas se prononcer sur l\u2019\u00e9tat de sant\u00e9 de leur attaquant, il semble bien qu\u2019il \u00e9volue bien, et se montrent optimistes de le r\u00e9cup\u00e9rer pour le rendez-vous de ce samedi. En effet, le joueur qui poursuit les soins ressent toujours des douleurs, mais chose qui est naturelle apr\u00e8s une p\u00e9riode d\u2019efforts. D\u2019apr\u00e8s eux, sauf mauvaise surprise, Amokrane\u00a0 prendra sa place ce samedi, m\u00eame si Michel se pr\u00e9pare \u00e0 toute \u00e9ventualit\u00e9 et ce n\u2019est pas un hasard s\u2019il a essay\u00e9 de faire jouer un autre joueur en attaque pour \u00e9pauler Jaques Bessan.<br \/><strong>\u00abJ\u2019esp\u00e8re pourvoir jouer contre le Paradou\u00bb<\/strong><br \/>Contact\u00e9 par nos soins hier, en d\u00e9but de l\u2019apr\u00e8s-midi, Amokrane nous a affirm\u00e9 : \u00abJe vous assure que je ne ressens plus aucun mal \u00e0 la cuisse. Et pour preuve, je m&rsquo;exerce le plus normalement du monde avec le groupe. Toutefois, mon retour \u00e0 la comp\u00e9tition d\u00e9pend du staff technique, seul habilit\u00e9 \u00e0 dire si je serai pr\u00e9sent ou non face au PAC. Ma participation d\u00e9pend donc des choix tactiques, car, m\u00e9dicalement parlant, je suis pr\u00eat \u00e0 cent pour cent pour ce match.\u00bb Voil\u00e0 qui est rassurant !<br \/><strong>La s\u00e9ance d\u2019hier \u00e0 l\u2019heure du match<\/strong><br \/>La s\u00e9ance d\u2019hier s\u2019est d\u00e9roul\u00e9e \u00e0 22h30. Un cr\u00e9neau qui correspond \u00e0 l\u2019horaire du match de ce samedi face au PAC. Alain Michel a multipli\u00e9 les ateliers sp\u00e9cifiques de sixte o\u00f9 les joueurs sont souvent mis en opposition attaque-d\u00e9fense et termin\u00e9 la s\u00e9ance avec un travail devant les bois. Un travail d\u2019adresse pour les attaquants et surtout ceux qui ont rat\u00e9 plusieurs occasions lors des derniers matches. Le coach a beaucoup parl\u00e9 \u00e0 ses attaquants, ces derniers jours, afin de les secouer et les mettre devant leurs responsabilit\u00e9s.\u00a0<\/p>\n<p><strong>Publi\u00e9 dans :<\/strong> <span>MOB<\/span> <span>Michel<\/span> <span>Toual<\/span><\/p>\n<\/div>\n<p>Auteur:<br \/>\n<a href=\"http:\/\/www.lebuteur.com\/article\/detail?titre=mob-lheure-est-a-la-mobilisation-a-bejaia&#038;id=88642&#038;utm_source=feedburner&#038;utm_medium=feed&#038;utm_campaign=Feed%3A+GalerieFArtciles+%28Les+derniers+articles++-+lebuteur.com%29\">Cliquez ici pour lire l&rsquo;article depuis sa source.<\/a><\/p>\n","protected":false},"excerpt":{"rendered":"<p>Auteur : S. A. jeudi 09 mai 2019 10:29 \u00abO ublions les derniers contre-performances\u00bb, tel est le mot d\u2019ordre au sein de cette \u00e9quipe du MOB \u00e0 la veille du match contre le PAC pr\u00e9vu pour ce samedi \u00e0 22h30, d\u2019apr\u00e8s la derni\u00e8re programmation de la LFP. Joueurs, dirigeants, staffs et m\u00eame supporters, sont tous [&hellip;]<\/p>\n","protected":false},"author":1738,"featured_media":33250,"comment_status":"closed","ping_status":"closed","sticky":false,"template":"","format":"standard","meta":{"fifu_image_url":"","fifu_image_alt":"","footnotes":""},"categories":[53,75],"tags":[],"class_list":["post-33249","post","type-post","status-publish","format-standard","has-post-thumbnail","hentry","category-algerie","category-sport"],"_links":{"self":[{"href":"https:\/\/linitiative.ca\/International\/wp-json\/wp\/v2\/posts\/33249","targetHints":{"allow":["GET"]}}],"collection":[{"href":"https:\/\/linitiative.ca\/International\/wp-json\/wp\/v2\/posts"}],"about":[{"href":"https:\/\/linitiative.ca\/International\/wp-json\/wp\/v2\/types\/post"}],"author":[{"embeddable":true,"href":"https:\/\/linitiative.ca\/International\/wp-json\/wp\/v2\/users\/1738"}],"replies":[{"embeddable":true,"href":"https:\/\/linitiative.ca\/International\/wp-json\/wp\/v2\/comments?post=33249"}],"version-history":[{"count":0,"href":"https:\/\/linitiative.ca\/International\/wp-json\/wp\/v2\/posts\/33249\/revisions"}],"wp:featuredmedia":[{"embeddable":true,"href":"https:\/\/linitiative.ca\/International\/wp-json\/"}],"wp:attachment":[{"href":"https:\/\/linitiative.ca\/International\/wp-json\/wp\/v2\/media?parent=33249"}],"wp:term":[{"taxonomy":"category","embeddable":true,"href":"https:\/\/linitiative.ca\/International\/wp-json\/wp\/v2\/categories?post=33249"},{"taxonomy":"post_tag","embeddable":true,"href":"https:\/\/linitiative.ca\/International\/wp-json\/wp\/v2\/tags?post=33249"}],"curies":[{"name":"wp","href":"https:\/\/api.w.org\/{rel}","templated":true}]}}