{"id":33258,"date":"2019-05-09T06:00:00","date_gmt":"2019-05-09T10:00:00","guid":{"rendered":"https:\/\/linitiative.ca\/International\/une-page-temoin-de-la-sauvagerie-coloniale\/"},"modified":"2019-05-09T06:00:00","modified_gmt":"2019-05-09T10:00:00","slug":"une-page-temoin-de-la-sauvagerie-coloniale","status":"publish","type":"post","link":"https:\/\/linitiative.ca\/International\/une-page-temoin-de-la-sauvagerie-coloniale\/","title":{"rendered":"Une page t\u00e9moin de la sauvagerie coloniale"},"content":{"rendered":"<div id=\"originalText\" readability=\"76\">\n<p class=\"c10\"><strong>Le 8 mai 1945, tandis que la France f\u00eatait la victoire, son arm\u00e9e massacrait des milliers d\u2019Alg\u00e9riens \u00e0 S\u00e9tif, Guelma et Kherrata (B\u00e9ja\u00efa). C\u2019est le cadeau fait par la France coloniale aux Alg\u00e9riens qui l\u2019ont aid\u00e9e \u00e0 se lib\u00e9rer de l\u2019occupation de ses terres par les nazis.<\/strong><\/p>\n<p class=\"c10\">Il est 16 heures, ce 8 mai 1945 \u00e0 Guelma, et la manifestation n&rsquo;a \u00e9t\u00e9 autoris\u00e9e que la veille au soir par les autorit\u00e9s et le sous-pr\u00e9fet a pr\u00e9venu le comit\u00e9 des AML qui organise cette marche pacifique : \u201cAttention \u00e0 vous ! Je suis blanc comme le lait. Trop longtemps au feu, je d\u00e9borde !\u201d En voyant le drapeau alg\u00e9rien, le sous-pr\u00e9fet fend la foule, fou de rage, et frappe le porte-drapeau.\u00a0Les gendarmes tirent dans le tas, provoquant une fuite \u00e9perdue : deux morts, une dizaine de bless\u00e9s. Andr\u00e9 Achiary, ancien commissaire de police, sous-pr\u00e9fet de Guelma organise la r\u00e9pression, r\u00e9unit les colons et leur dit : \u201cIl faut que vous repreniez votre dignit\u00e9 face \u00e0 ces pouilleux !\u201d Il ne confie pas la r\u00e9pression aux militaires de la garnison car les trois compagnies sont compos\u00e9es de tirailleurs alg\u00e9riens qui seront consign\u00e9s dans la caserne et leurs armes seront confi\u00e9es aux Europ\u00e9ens.\u00a0<\/p>\n<p class=\"c10\">C&rsquo;est la milice populaire qui va rafler les musulmans, les battre, les torturer et les fusiller par centaines apr\u00e8s une mascarade de proc\u00e8s exp\u00e9ditif. En d\u00e9but de soir\u00e9e, des arrestations massives sont op\u00e9r\u00e9es et le couvre-feu est instaur\u00e9. Le sous-pr\u00e9fet fait ex\u00e9cuter \u00e0 l&rsquo;int\u00e9rieur de la caserne les neuf membres les plus importants des AML. Les arrestations se poursuivent partout et des avions, volant \u00e0 rase-motte, bombardent les mechtas et douars et engendrent la mort de centaines de familles de pauvres campagnards. Les prisonniers sont entass\u00e9s dans un commissariat d\u00e9saffect\u00e9 et \u00e0 la gendarmerie o\u00f9 si\u00e8ge un pseudo-tribunal qui prononce la peine capitale \u00e0 leur encontre. Chaque matin et soir, des camions emm\u00e8nent les condamn\u00e9s qui sont ex\u00e9cut\u00e9s \u00e0 l&rsquo;\u00e9cart de la ville, notamment \u00e0 Kef-El-Bomba et Hadj Embarek. Les miliciens abattent froidement des innocents qu&rsquo;ils traquent. Les cadavres sont arros\u00e9s d&rsquo;essence et br\u00fbl\u00e9s, d&rsquo;autres disparaissent dans le four \u00e0 chaux d&rsquo;un colon \u00e0 H\u00e9liopolis. \u201cJe me souviens de cette odeur comme si c&rsquo;\u00e9tait hier, on entendait des salves et puis on voyait une fum\u00e9e noire monter dans le ciel\u201d, nous confie un t\u00e9moin de cette trag\u00e9die, enfant \u00e0 l&rsquo;\u00e9poque. Alors que la paix est revenue dans la r\u00e9gion, les meurtres continuent \u00e0 Guelma pendant un mois environ.\u00a0<\/p>\n<p class=\"c10\">Les ex\u00e9cutions sommaires au hasard des campagnes ont remplac\u00e9 les fusillades. Un octog\u00e9naire nous confie qu&rsquo;une bande de miliciens men\u00e9e par le maire de Mill\u00e9simo (actuellement Belkheir) a encore massacr\u00e9 toute une famille de fellahs dans une ferme. Guelma a vers\u00e9 un lourd tribut durant ces tragiques \u00e9v\u00e8nements qui ont engendr\u00e9 un sursaut nationaliste puisque le 1er novembre 1954, la guerre de Lib\u00e9ration nationale a \u00e9t\u00e9 d\u00e9clench\u00e9e par des hommes aguerris qui ont rejoint le maquis et tenu la drag\u00e9e haute \u00e0 l&rsquo;arm\u00e9e coloniale qui abdiquera quelques ann\u00e9es plus tard.<\/p>\n<p class=\"c10\">\u00a0<\/p>\n<p class=\"c11\"><strong>HAMID BAALI<\/strong><\/p>\n<p class=\"c10\">\u00a0<\/p>\n<\/div>\n<div id=\"text_core\" readability=\"76\">\n<p class=\"c10\"><strong>Le 8 mai 1945, tandis que la France f\u00eatait la victoire, son arm\u00e9e massacrait des milliers d\u2019Alg\u00e9riens \u00e0 S\u00e9tif, Guelma et Kherrata (B\u00e9ja\u00efa). C\u2019est le cadeau fait par la France coloniale aux Alg\u00e9riens qui l\u2019ont aid\u00e9e \u00e0 se lib\u00e9rer de l\u2019occupation de ses terres par les nazis.<\/strong><\/p>\n<p class=\"c10\">Il est 16 heures, ce 8 mai 1945 \u00e0 Guelma, et la manifestation n&rsquo;a \u00e9t\u00e9 autoris\u00e9e que la veille au soir par les autorit\u00e9s et le sous-pr\u00e9fet a pr\u00e9venu le comit\u00e9 des AML qui organise cette marche pacifique : \u201cAttention \u00e0 vous ! Je suis blanc comme le lait. Trop longtemps au feu, je d\u00e9borde !\u201d En voyant le drapeau alg\u00e9rien, le sous-pr\u00e9fet fend la foule, fou de rage, et frappe le porte-drapeau.\u00a0Les gendarmes tirent dans le tas, provoquant une fuite \u00e9perdue : deux morts, une dizaine de bless\u00e9s. Andr\u00e9 Achiary, ancien commissaire de police, sous-pr\u00e9fet de Guelma organise la r\u00e9pression, r\u00e9unit les colons et leur dit : \u201cIl faut que vous repreniez votre dignit\u00e9 face \u00e0 ces pouilleux !\u201d Il ne confie pas la r\u00e9pression aux militaires de la garnison car les trois compagnies sont compos\u00e9es de tirailleurs alg\u00e9riens qui seront consign\u00e9s dans la caserne et leurs armes seront confi\u00e9es aux Europ\u00e9ens.\u00a0<\/p>\n<p class=\"c10\">C&rsquo;est la milice populaire qui va rafler les musulmans, les battre, les torturer et les fusiller par centaines apr\u00e8s une mascarade de proc\u00e8s exp\u00e9ditif. En d\u00e9but de soir\u00e9e, des arrestations massives sont op\u00e9r\u00e9es et le couvre-feu est instaur\u00e9. Le sous-pr\u00e9fet fait ex\u00e9cuter \u00e0 l&rsquo;int\u00e9rieur de la caserne les neuf membres les plus importants des AML. Les arrestations se poursuivent partout et des avions, volant \u00e0 rase-motte, bombardent les mechtas et douars et engendrent la mort de centaines de familles de pauvres campagnards. Les prisonniers sont entass\u00e9s dans un commissariat d\u00e9saffect\u00e9 et \u00e0 la gendarmerie o\u00f9 si\u00e8ge un pseudo-tribunal qui prononce la peine capitale \u00e0 leur encontre. Chaque matin et soir, des camions emm\u00e8nent les condamn\u00e9s qui sont ex\u00e9cut\u00e9s \u00e0 l&rsquo;\u00e9cart de la ville, notamment \u00e0 Kef-El-Bomba et Hadj Embarek. Les miliciens abattent froidement des innocents qu&rsquo;ils traquent. Les cadavres sont arros\u00e9s d&rsquo;essence et br\u00fbl\u00e9s, d&rsquo;autres disparaissent dans le four \u00e0 chaux d&rsquo;un colon \u00e0 H\u00e9liopolis. \u201cJe me souviens de cette odeur comme si c&rsquo;\u00e9tait hier, on entendait des salves et puis on voyait une fum\u00e9e noire monter dans le ciel\u201d, nous confie un t\u00e9moin de cette trag\u00e9die, enfant \u00e0 l&rsquo;\u00e9poque. Alors que la paix est revenue dans la r\u00e9gion, les meurtres continuent \u00e0 Guelma pendant un mois environ.\u00a0<\/p>\n<p class=\"c10\">Les ex\u00e9cutions sommaires au hasard des campagnes ont remplac\u00e9 les fusillades. Un octog\u00e9naire nous confie qu&rsquo;une bande de miliciens men\u00e9e par le maire de Mill\u00e9simo (actuellement Belkheir) a encore massacr\u00e9 toute une famille de fellahs dans une ferme. Guelma a vers\u00e9 un lourd tribut durant ces tragiques \u00e9v\u00e8nements qui ont engendr\u00e9 un sursaut nationaliste puisque le 1er novembre 1954, la guerre de Lib\u00e9ration nationale a \u00e9t\u00e9 d\u00e9clench\u00e9e par des hommes aguerris qui ont rejoint le maquis et tenu la drag\u00e9e haute \u00e0 l&rsquo;arm\u00e9e coloniale qui abdiquera quelques ann\u00e9es plus tard.<\/p>\n<p class=\"c10\">\u00a0<\/p>\n<p class=\"c11\"><strong>HAMID BAALI<\/strong><\/p>\n<p class=\"c10\">\u00a0<\/p>\n<\/div>\n<p>Auteur:<br \/>\n<a href=\"https:\/\/www.liberte-algerie.com\/actualite\/une-page-temoin-de-la-sauvagerie-coloniale-315452\">Cliquez ici pour lire l&rsquo;article depuis sa source.<\/a><\/p>\n","protected":false},"excerpt":{"rendered":"<p>Le 8 mai 1945, tandis que la France f\u00eatait la victoire, son arm\u00e9e massacrait des milliers d\u2019Alg\u00e9riens \u00e0 S\u00e9tif, Guelma et Kherrata (B\u00e9ja\u00efa). C\u2019est le cadeau fait par la France coloniale aux Alg\u00e9riens qui l\u2019ont aid\u00e9e \u00e0 se lib\u00e9rer de l\u2019occupation de ses terres par les nazis. Il est 16 heures, ce 8 mai 1945 [&hellip;]<\/p>\n","protected":false},"author":1742,"featured_media":0,"comment_status":"closed","ping_status":"closed","sticky":false,"template":"","format":"standard","meta":{"fifu_image_url":"","fifu_image_alt":"","footnotes":""},"categories":[73,53],"tags":[],"class_list":["post-33258","post","type-post","status-publish","format-standard","hentry","category-actualite","category-algerie"],"_links":{"self":[{"href":"https:\/\/linitiative.ca\/International\/wp-json\/wp\/v2\/posts\/33258","targetHints":{"allow":["GET"]}}],"collection":[{"href":"https:\/\/linitiative.ca\/International\/wp-json\/wp\/v2\/posts"}],"about":[{"href":"https:\/\/linitiative.ca\/International\/wp-json\/wp\/v2\/types\/post"}],"author":[{"embeddable":true,"href":"https:\/\/linitiative.ca\/International\/wp-json\/wp\/v2\/users\/1742"}],"replies":[{"embeddable":true,"href":"https:\/\/linitiative.ca\/International\/wp-json\/wp\/v2\/comments?post=33258"}],"version-history":[{"count":0,"href":"https:\/\/linitiative.ca\/International\/wp-json\/wp\/v2\/posts\/33258\/revisions"}],"wp:attachment":[{"href":"https:\/\/linitiative.ca\/International\/wp-json\/wp\/v2\/media?parent=33258"}],"wp:term":[{"taxonomy":"category","embeddable":true,"href":"https:\/\/linitiative.ca\/International\/wp-json\/wp\/v2\/categories?post=33258"},{"taxonomy":"post_tag","embeddable":true,"href":"https:\/\/linitiative.ca\/International\/wp-json\/wp\/v2\/tags?post=33258"}],"curies":[{"name":"wp","href":"https:\/\/api.w.org\/{rel}","templated":true}]}}