{"id":33271,"date":"2019-05-09T06:00:00","date_gmt":"2019-05-09T10:00:00","guid":{"rendered":"https:\/\/linitiative.ca\/International\/the-a-la-menthe-et-aux-pignons\/"},"modified":"2019-05-09T06:00:00","modified_gmt":"2019-05-09T10:00:00","slug":"the-a-la-menthe-et-aux-pignons","status":"publish","type":"post","link":"https:\/\/linitiative.ca\/International\/the-a-la-menthe-et-aux-pignons\/","title":{"rendered":"Th\u00e9 \u00e0 la menthe et aux pignons"},"content":{"rendered":"<p><em><strong>2 c. \u00e0 c. de th\u00e9 vert, 1 poign\u00e9e de menthe fra\u00eeche, sucre en morceaux au go\u00fbt, pignons\u00a0\u00a0<\/strong><\/em><\/p>\n<p>Rincer la th\u00e9i\u00e8re \u00e0 l&rsquo;eau bouillante. Mettre 2 c. \u00e0 c. de th\u00e9 et un demi-verre \u00e0 th\u00e9 d&rsquo;eau bouillante. M\u00e9langer rapidement et jeter cette premi\u00e8re eau. Froisser les feuilles de menthe et les mettre dans la th\u00e9i\u00e8re. Ajouter les morceaux de sucre selon le go\u00fbt. Remplir d&rsquo;eau bouillante et laisser infuser environ 5 minutes. Servir le th\u00e9 dans des verres \u00e0 th\u00e9, puis les\u00a0 vider dans la th\u00e9i\u00e8re. Renouveler cette op\u00e9ration trois fois. Cette m\u00e9thode permet de m\u00e9langer intiment le th\u00e9, les ar\u00f4mes de menthe et le sucre. Servir le th\u00e9 fumant sans remplir compl\u00e8tement les verres. Ajouter dans les verres des pignons pr\u00e9alablement grill\u00e9s.<\/p>\n<p>Auteur:<br \/>\n<a href=\"https:\/\/www.lesoirdalgerie.com\/femme-magazine\/the-a-la-menthe-et-aux-pignons-23554\">Cliquez ici pour lire l&rsquo;article depuis sa source.<\/a><\/p>\n","protected":false},"excerpt":{"rendered":"<p>2 c. \u00e0 c. de th\u00e9 vert, 1 poign\u00e9e de menthe fra\u00eeche, sucre en morceaux au go\u00fbt, pignons\u00a0\u00a0 Rincer la th\u00e9i\u00e8re \u00e0 l&rsquo;eau bouillante. Mettre 2 c. \u00e0 c. de th\u00e9 et un demi-verre \u00e0 th\u00e9 d&rsquo;eau bouillante. M\u00e9langer rapidement et jeter cette premi\u00e8re eau. Froisser les feuilles de menthe et les mettre dans la [&hellip;]<\/p>\n","protected":false},"author":1741,"featured_media":0,"comment_status":"closed","ping_status":"closed","sticky":false,"template":"","format":"standard","meta":{"fifu_image_url":"","fifu_image_alt":"","footnotes":""},"categories":[73,53],"tags":[],"class_list":["post-33271","post","type-post","status-publish","format-standard","hentry","category-actualite","category-algerie"],"_links":{"self":[{"href":"https:\/\/linitiative.ca\/International\/wp-json\/wp\/v2\/posts\/33271","targetHints":{"allow":["GET"]}}],"collection":[{"href":"https:\/\/linitiative.ca\/International\/wp-json\/wp\/v2\/posts"}],"about":[{"href":"https:\/\/linitiative.ca\/International\/wp-json\/wp\/v2\/types\/post"}],"author":[{"embeddable":true,"href":"https:\/\/linitiative.ca\/International\/wp-json\/wp\/v2\/users\/1741"}],"replies":[{"embeddable":true,"href":"https:\/\/linitiative.ca\/International\/wp-json\/wp\/v2\/comments?post=33271"}],"version-history":[{"count":0,"href":"https:\/\/linitiative.ca\/International\/wp-json\/wp\/v2\/posts\/33271\/revisions"}],"wp:attachment":[{"href":"https:\/\/linitiative.ca\/International\/wp-json\/wp\/v2\/media?parent=33271"}],"wp:term":[{"taxonomy":"category","embeddable":true,"href":"https:\/\/linitiative.ca\/International\/wp-json\/wp\/v2\/categories?post=33271"},{"taxonomy":"post_tag","embeddable":true,"href":"https:\/\/linitiative.ca\/International\/wp-json\/wp\/v2\/tags?post=33271"}],"curies":[{"name":"wp","href":"https:\/\/api.w.org\/{rel}","templated":true}]}}