{"id":33273,"date":"2019-05-09T06:00:00","date_gmt":"2019-05-09T10:00:00","guid":{"rendered":"https:\/\/linitiative.ca\/International\/le-moudjahid-amar-ouhnia-seteint-a-lage-de-82-ans\/"},"modified":"2019-05-09T06:00:00","modified_gmt":"2019-05-09T10:00:00","slug":"le-moudjahid-amar-ouhnia-seteint-a-lage-de-82-ans","status":"publish","type":"post","link":"https:\/\/linitiative.ca\/International\/le-moudjahid-amar-ouhnia-seteint-a-lage-de-82-ans\/","title":{"rendered":"Le moudjahid Amar Ouhnia s\u2019\u00e9teint \u00e0 l\u2019\u00e2ge de 82 ans"},"content":{"rendered":"<div id=\"originalText\" readability=\"47\">\n<p class=\"c10\">La famille r\u00e9volutionnaire de la vall\u00e9e de la Soummam est en deuil. Le moudjahid Amar Ouhnia est d\u00e9c\u00e9d\u00e9 dans l\u2019apr\u00e8s-midi du mardi 7 mai, \u00e0 l\u2019h\u00f4pital de Sidi-A\u00efch, \u00e0 l\u2019\u00e2ge de 82 ans, des suites d\u2019une longue maladie. Natif de la commune historique d\u2019Ouzellaguen, dans la wilaya de B\u00e9ja\u00efa, le d\u00e9funt maquisard rejoignit les rangs de la glorieuse Arm\u00e9e de lib\u00e9ration nationale (ALN) d\u00e8s son jeune \u00e2ge. Il participa alors \u00e0 de nombreuses batailles men\u00e9es par les troupes du colonel Amirouche, ancien chef historique de la Wilaya III, dans les maquis de l\u2019Akfadou et les monts surplombant la vall\u00e9e de la Soummam. Alit\u00e9 depuis plusieurs ann\u00e9es, ce membre actif de l\u2019Organisation nationale des moudjahidine (ONM) de la da\u00efra d\u2019Ifri-Ouzellaguen a succomb\u00e9 \u00e0 sa maladie sur son lit d\u2019h\u00f4pital, quelques jours seulement apr\u00e8s son admission \u00e0 l\u2019EPH de Sidi-A\u00efch.\u00a0 Ses obs\u00e8ques auront lieu aujourd\u2019hui, jeudi 9 mai 2019, au cimeti\u00e8re du village de Sidi Youn\u00e8s, dans la commune d\u2019Ouzellaguen.<br \/>\u00a0<\/p>\n<p class=\"c11\"><strong>K. O.<\/strong><\/p>\n<\/div>\n<div id=\"text_core\" readability=\"47\">\n<p class=\"c10\">La famille r\u00e9volutionnaire de la vall\u00e9e de la Soummam est en deuil. Le moudjahid Amar Ouhnia est d\u00e9c\u00e9d\u00e9 dans l\u2019apr\u00e8s-midi du mardi 7 mai, \u00e0 l\u2019h\u00f4pital de Sidi-A\u00efch, \u00e0 l\u2019\u00e2ge de 82 ans, des suites d\u2019une longue maladie. Natif de la commune historique d\u2019Ouzellaguen, dans la wilaya de B\u00e9ja\u00efa, le d\u00e9funt maquisard rejoignit les rangs de la glorieuse Arm\u00e9e de lib\u00e9ration nationale (ALN) d\u00e8s son jeune \u00e2ge. Il participa alors \u00e0 de nombreuses batailles men\u00e9es par les troupes du colonel Amirouche, ancien chef historique de la Wilaya III, dans les maquis de l\u2019Akfadou et les monts surplombant la vall\u00e9e de la Soummam. Alit\u00e9 depuis plusieurs ann\u00e9es, ce membre actif de l\u2019Organisation nationale des moudjahidine (ONM) de la da\u00efra d\u2019Ifri-Ouzellaguen a succomb\u00e9 \u00e0 sa maladie sur son lit d\u2019h\u00f4pital, quelques jours seulement apr\u00e8s son admission \u00e0 l\u2019EPH de Sidi-A\u00efch.\u00a0 Ses obs\u00e8ques auront lieu aujourd\u2019hui, jeudi 9 mai 2019, au cimeti\u00e8re du village de Sidi Youn\u00e8s, dans la commune d\u2019Ouzellaguen.<br \/>\u00a0<\/p>\n<p class=\"c11\"><strong>K. O.<\/strong><\/p>\n<\/div>\n<p>Auteur:<br \/>\n<a href=\"https:\/\/www.liberte-algerie.com\/actualite\/le-moudjahid-amar-ouhnia-seteint-a-lage-de-82-ans-315448\">Cliquez ici pour lire l&rsquo;article depuis sa source.<\/a><\/p>\n","protected":false},"excerpt":{"rendered":"<p>La famille r\u00e9volutionnaire de la vall\u00e9e de la Soummam est en deuil. Le moudjahid Amar Ouhnia est d\u00e9c\u00e9d\u00e9 dans l\u2019apr\u00e8s-midi du mardi 7 mai, \u00e0 l\u2019h\u00f4pital de Sidi-A\u00efch, \u00e0 l\u2019\u00e2ge de 82 ans, des suites d\u2019une longue maladie. Natif de la commune historique d\u2019Ouzellaguen, dans la wilaya de B\u00e9ja\u00efa, le d\u00e9funt maquisard rejoignit les rangs [&hellip;]<\/p>\n","protected":false},"author":1742,"featured_media":0,"comment_status":"closed","ping_status":"closed","sticky":false,"template":"","format":"standard","meta":{"fifu_image_url":"","fifu_image_alt":"","footnotes":""},"categories":[73,53],"tags":[],"class_list":["post-33273","post","type-post","status-publish","format-standard","hentry","category-actualite","category-algerie"],"_links":{"self":[{"href":"https:\/\/linitiative.ca\/International\/wp-json\/wp\/v2\/posts\/33273","targetHints":{"allow":["GET"]}}],"collection":[{"href":"https:\/\/linitiative.ca\/International\/wp-json\/wp\/v2\/posts"}],"about":[{"href":"https:\/\/linitiative.ca\/International\/wp-json\/wp\/v2\/types\/post"}],"author":[{"embeddable":true,"href":"https:\/\/linitiative.ca\/International\/wp-json\/wp\/v2\/users\/1742"}],"replies":[{"embeddable":true,"href":"https:\/\/linitiative.ca\/International\/wp-json\/wp\/v2\/comments?post=33273"}],"version-history":[{"count":0,"href":"https:\/\/linitiative.ca\/International\/wp-json\/wp\/v2\/posts\/33273\/revisions"}],"wp:attachment":[{"href":"https:\/\/linitiative.ca\/International\/wp-json\/wp\/v2\/media?parent=33273"}],"wp:term":[{"taxonomy":"category","embeddable":true,"href":"https:\/\/linitiative.ca\/International\/wp-json\/wp\/v2\/categories?post=33273"},{"taxonomy":"post_tag","embeddable":true,"href":"https:\/\/linitiative.ca\/International\/wp-json\/wp\/v2\/tags?post=33273"}],"curies":[{"name":"wp","href":"https:\/\/api.w.org\/{rel}","templated":true}]}}