{"id":33281,"date":"2019-05-09T07:07:05","date_gmt":"2019-05-09T11:07:05","guid":{"rendered":"https:\/\/linitiative.ca\/International\/ahmed-aznague-le-discret-du-cinema-amazigh-nest-plus\/"},"modified":"2019-05-09T07:07:05","modified_gmt":"2019-05-09T11:07:05","slug":"ahmed-aznague-le-discret-du-cinema-amazigh-nest-plus","status":"publish","type":"post","link":"https:\/\/linitiative.ca\/International\/ahmed-aznague-le-discret-du-cinema-amazigh-nest-plus\/","title":{"rendered":"Ahmed Aznague, le discret du cin\u00e9ma amazigh n\u2019est plus"},"content":{"rendered":"<p class=\"c2\"><strong>Un autre visage lumineux s\u2019\u00e9teint. Ahmed Aznague figure de proue du \u00a0cin\u00e9ma amazigh et marocain est parti en silence\u00a0 mardi 7 mai apr\u00e8s un long combat avec la maladie. N\u00e9 le 3 juillet 1956\u00a0 \u00e0 la ville de Rabat, le d\u00e9funt a pass\u00e9 une partie de son enfance \u00e0 la capitale du royaume avant de s\u2019installer \u00e0 Casablanca, et \u00a0par la suite \u00e0 Agadir o\u00f9 il avait pass\u00e9 le reste de sa vie.\u00a0 Il avait 63 ans.<\/strong><\/p>\n<p class=\"c2\"><strong>Par ailleurs, avant de se lancer dans le domaine artistique et cin\u00e9matographique, Aznague a exerc\u00e9 plusieurs m\u00e9tiers pour assurer sa vie\u2026 dignement. \u00a0Pour se faire, il a travaill\u00e9 dans de divers domaines \u00e0 savoir l\u2019h\u00f4tellerie, l\u2019agriculture\u2026 \u00abC\u2019est un homme humble, calme et sage. On a perdu un visage unique, singulier. Il avait un charisme, il crevait l\u2019\u00e9cran\u2026 Ahmed Aznague jouait ses\u00a0 r\u00f4les avec beaucoup de sinc\u00e9rit\u00e9, d\u2019engagement, d\u2019enthousiasme et d\u2019amour. C\u2019est un homme qui a toujours lutt\u00e9 pour sa dignit\u00e9 et pour sa valeur d\u2019artiste\u00bb, nous a confi\u00e9 l\u2019artiste Rachid Aslal sur son d\u00e9part. Et d\u2019ajouter\u00a0: \u00abC\u2019\u00e9tait quelqu\u2019un qui donnait une valeur \u00e0 son travail\u2026 son d\u00e9part est une grande perte pour la sc\u00e8ne artistique amazighe et nationale\u00bb\u00a0.<\/strong><\/p>\n<p class=\"c2\"><strong>En 1973, le regrett\u00e9 avait jou\u00e9 son premier r\u00f4le dans une pi\u00e8ce de th\u00e9\u00e2tre \u00e0 la maison des jeunes de Derb Ghallef \u00e0 la ville blanche. Il fallait attendre l\u2019ann\u00e9e de 1994 pour qu\u2019il y int\u00e8gre \u00a0le monde du 7<sup>\u00e8me<\/sup> art en jouant dans le film \u00abTamara n Tudert\u00a0\u00bb. Par la suite, \u00a0les r\u00f4les se succ\u00e9daient (plus de 12 films de vid\u00e9os compt\u00e9s \u00e0 son actif). Et ce n\u2019est pas tout\u2026 Ahmed avait particip\u00e9 dans plus de \u00a070 travaux avec une brochette d\u2019acteurs et d\u2019artistes connus et confirm\u00e9s sur sc\u00e8ne. \u00abJ\u2019ai travaill\u00e9 avec Ahmed Aznague \u00a0dans plusieurs films dont le dernier que j\u2019ai r\u00e9alis\u00e9.<\/strong><\/p>\n<p class=\"c2\"><strong>D\u2019abord,\u00a0 lui, il \u00e9tait de son vivant \u00a0un intellectuel qui est conscient du r\u00f4le et des t\u00e2ches de l\u2019artiste vu son niveau cultuel\u00bb, t\u00e9moigne Rachid. Un grand acteur s\u2019en est all\u00e9 \u00a0laissant place \u00e0 son souvenir\u00a0! \u00abJe le consid\u00e8re comme l\u2019un des meilleurs acteurs et artistes qui ont \u0153uvr\u00e9 pour la promotion du cin\u00e9ma amazigh en particulier mais aussi \u00a0le cin\u00e9ma marocain en g\u00e9n\u00e9ral\u00bb, conclut-il.<\/strong><\/p>\n<p class=\"c3\"><strong>Mohamed Nait Youssef<\/strong><\/p>\n<p>Auteur: rahal mehamed<br \/>\n<a href=\"http:\/\/albayane.press.ma\/ahmed-aznague-le-discret-du-cinema-amazigh-nest-plus.html\">Cliquez ici pour lire l&rsquo;article depuis sa source.<\/a><\/p>\n","protected":false},"excerpt":{"rendered":"<p>Un autre visage lumineux s\u2019\u00e9teint. Ahmed Aznague figure de proue du \u00a0cin\u00e9ma amazigh et marocain est parti en silence\u00a0 mardi 7 mai apr\u00e8s un long combat avec la maladie. N\u00e9 le 3 juillet 1956\u00a0 \u00e0 la ville de Rabat, le d\u00e9funt a pass\u00e9 une partie de son enfance \u00e0 la capitale du royaume avant de [&hellip;]<\/p>\n","protected":false},"author":1760,"featured_media":0,"comment_status":"closed","ping_status":"closed","sticky":false,"template":"","format":"standard","meta":{"fifu_image_url":"","fifu_image_alt":"","footnotes":""},"categories":[73,54],"tags":[],"class_list":["post-33281","post","type-post","status-publish","format-standard","hentry","category-actualite","category-maroc"],"_links":{"self":[{"href":"https:\/\/linitiative.ca\/International\/wp-json\/wp\/v2\/posts\/33281","targetHints":{"allow":["GET"]}}],"collection":[{"href":"https:\/\/linitiative.ca\/International\/wp-json\/wp\/v2\/posts"}],"about":[{"href":"https:\/\/linitiative.ca\/International\/wp-json\/wp\/v2\/types\/post"}],"author":[{"embeddable":true,"href":"https:\/\/linitiative.ca\/International\/wp-json\/wp\/v2\/users\/1760"}],"replies":[{"embeddable":true,"href":"https:\/\/linitiative.ca\/International\/wp-json\/wp\/v2\/comments?post=33281"}],"version-history":[{"count":0,"href":"https:\/\/linitiative.ca\/International\/wp-json\/wp\/v2\/posts\/33281\/revisions"}],"wp:attachment":[{"href":"https:\/\/linitiative.ca\/International\/wp-json\/wp\/v2\/media?parent=33281"}],"wp:term":[{"taxonomy":"category","embeddable":true,"href":"https:\/\/linitiative.ca\/International\/wp-json\/wp\/v2\/categories?post=33281"},{"taxonomy":"post_tag","embeddable":true,"href":"https:\/\/linitiative.ca\/International\/wp-json\/wp\/v2\/tags?post=33281"}],"curies":[{"name":"wp","href":"https:\/\/api.w.org\/{rel}","templated":true}]}}