{"id":33284,"date":"2019-05-09T05:30:55","date_gmt":"2019-05-09T09:30:55","guid":{"rendered":"https:\/\/linitiative.ca\/International\/transition-politique-le-role-de-larmee-en-question\/"},"modified":"2019-05-09T05:30:55","modified_gmt":"2019-05-09T09:30:55","slug":"transition-politique-le-role-de-larmee-en-question","status":"publish","type":"post","link":"https:\/\/linitiative.ca\/International\/transition-politique-le-role-de-larmee-en-question\/","title":{"rendered":"Transition politique : Le r\u00f4le de l\u2019arm\u00e9e en question"},"content":{"rendered":"<h4 class=\"title-14\"\/>\n<div class=\"featured_image\"><img width=\"800\" height=\"500\" data-cfsrc=\"https:\/\/www.elwatan.com\/wp-content\/uploads\/2019\/05\/genral.jpg\" class=\"attachment-post-thumbnail size-post-thumbnail wp-post-image c1\" alt=\"\" srcset=\"https:\/\/www.elwatan.com\/wp-content\/uploads\/2019\/05\/genral.jpg 800w, https:\/\/www.elwatan.com\/wp-content\/uploads\/2019\/05\/genral-300x188.jpg 300w, https:\/\/www.elwatan.com\/wp-content\/uploads\/2019\/05\/genral-768x480.jpg 768w\" sizes=\"(max-width: 800px) 100vw, 800px\"\/><noscript><\/p>\n<p><img loading=\"lazy\" decoding=\"async\" width=\"800\" height=\"500\" src=\"https:\/\/www.elwatan.com\/wp-content\/uploads\/2019\/05\/genral.jpg\" class=\"attachment-post-thumbnail size-post-thumbnail wp-post-image\" alt=\"\" srcset=\"https:\/\/www.elwatan.com\/wp-content\/uploads\/2019\/05\/genral.jpg 800w, https:\/\/www.elwatan.com\/wp-content\/uploads\/2019\/05\/genral-300x188.jpg 300w, https:\/\/www.elwatan.com\/wp-content\/uploads\/2019\/05\/genral-768x480.jpg 768w\" sizes=\"auto, (max-width: 800px) 100vw, 800px\"\/><\/p>\n<p><\/noscript><\/div>\n<p>La question du r\u00f4le de l\u2019institution militaire revient de plus en plus et se pose avec acuit\u00e9 ces derniers jours. L\u2019\u00e9tat-major de l\u2019Arm\u00e9e nationale populaire (ANP) \u2013 qui a affirm\u00e9 maintes fois son refus de sortir du processus constitutionnel qui ne cadre pourtant pas avec les revendications des Alg\u00e9riens, lesquels refusent que la transition soit men\u00e9e par des figures qui symbolisent le r\u00e8gne de l\u2019ex-pr\u00e9sident Abdelaziz Bouteflika \u2013 se retrouve face \u00e0 l\u2019\u00e9cueil de l\u2019article 102 de la Constitution, qui a donn\u00e9 la solution au d\u00e9part de l\u2019ancien locataire d\u2019El Mouradia, mais emp\u00eache d\u2019avancer vers une sortie de crise, telle que r\u00e9clam\u00e9e par le mouvement populaire. L\u2019Alg\u00e9rie est aujourd\u2019hui \u00e0 la crois\u00e9e des chemins.<\/p>\n<p>Certaines voix s\u2019\u00e9l\u00e8vent d\u00e9j\u00e0 pour demander \u00e0 n\u00e9gocier avec l\u2019institution militaire. Avant-hier, le sociologue Nacer Djabi avait dit express\u00e9ment sur les ondes de la Cha\u00eene 3 de la Radio nationale que le hirak refuse de dialoguer avec des gens ill\u00e9gitimes, comme Abdelkader Bensalah, chef d\u2019Etat par int\u00e9rim, et Noureddine Bedoui, Premier ministre. Selon lui, \u00abil faut dialoguer avec ceux qui d\u00e9tiennent le pouvoir, il faut n\u00e9gocier avec l\u2019\u00e9tat-major\u00bb.<\/p>\n<p>Le sociologue, qui ne croit pas \u00e0 l\u2019organisation de l\u2019\u00e9lection pr\u00e9sidentielle le 4 juillet, demande \u00e0 \u00abla retarder \u00e0 la fin de l\u2019automne prochain\u00bb. Avant lui, le pr\u00e9sident de Jil El Jadid, Soufiane Djilali, avait abord\u00e9 la question dans l\u2019\u00e9mission \u00abInvit\u00e9 de la r\u00e9daction\u00bb de la m\u00eame cha\u00eene de radio. \u00abTout le monde sait que le pouvoir a \u00e9t\u00e9 transf\u00e9r\u00e9 de la pr\u00e9sidence de la R\u00e9publique vers l\u2019\u00e9tat-major de l\u2019arm\u00e9e.<\/p>\n<p>Tout le monde sait que pour des raisons historiques, l\u2019arm\u00e9e reste un acteur essentiel et surtout dans les modes de crise. Il faut donc travailler avec le r\u00e9el et non sous couverture, avec des fuites et des positions toujours embrouill\u00e9es\u00bb, tranche Soufiane Djilali, pour qui \u00able chef de l\u2019Etat est aujourd\u2019hui dans l\u2019incapacit\u00e9 d\u2019agir\u00bb.<\/p>\n<p>Sans aucun doute, la cl\u00e9 de sortie de crise est entre les mains de l\u2019arm\u00e9e. Pour lui, \u00ables conditions ne sont pas r\u00e9unies pour qu\u2019il y ait \u00e9lection le 4 juillet\u00bb. \u00abSi, consid\u00e8re-t-il, le pouvoir maintient cette \u00e9lection, cela veut dire qu\u2019il a un candidat cach\u00e9 qu\u2019il va nous faire appara\u00eetre et nous imposer au nom du respect de la Constitution. Cela aggravera la crise de l\u00e9gitimit\u00e9 et de confiance.\u00bb<\/p>\n<p>Contact\u00e9 hier par El Watan, l\u2019ancien chef de gouvernement, Ahmed Benbitour, ne partage pas la demande de n\u00e9gociation directe avec l\u2019arm\u00e9e. \u00abS\u2019il y a des n\u00e9gociations, c\u2019est entre le mouvement et ce que j\u2019appelle le syst\u00e8me de pouvoir\u00bb, a indiqu\u00e9 l\u2019ancien chef de gouvernement, avant d\u2019\u00e9voquer \u00abpeut-\u00eatre des n\u00e9gociations purement techniques pour aller vers une p\u00e9riode de transition d\u2019au minimum 8 mois\u00bb. Ahmed Benbitour voit par contre l\u2019urgence d\u2019aller vers une solution pour lancer ce qu\u2019il qualifie de \u00abplan de sauvegarde de la patrie\u00bb.<\/p>\n<p>Le pr\u00e9sident du Rassemblement pour la culture et la d\u00e9mocratie (RCD), Mohcine Belabbas, n\u2019est pas lui aussi partisan de la n\u00e9gociation directe avec l\u2019arm\u00e9e. \u00abNous avons notre feuille de route qui d\u00e9finit la place de l\u2019arm\u00e9e dans la transition.\u00bb Pour Mohcine Belabbas, la solution est pourtant tr\u00e8s simple, il faut seulement de la volont\u00e9 politique. \u00abQu\u2019est-ce qui emp\u00eache Abdelkader Bensalah et Noureddine Bedoui de d\u00e9missionner\u00a0?\u00bb s\u2019interroge le pr\u00e9sident du RCD, qui nous renvoie vers la proposition de son parti lequel pr\u00e9conise la mise en place d\u2019une \u00abhaute instance de transition\u00bb.<\/p>\n<p><strong>\u00abl\u2019arm\u00e9e ne doit pas \u00eatre l\u2019ordonnateur de la sortie de crise\u00bb<\/strong><\/p>\n<p>\u00abEn plus d\u2019incarner la fonction pr\u00e9sidentielle, elle aura \u00e0 engager des pourparlers avec les repr\u00e9sentants des partis politiques, des syndicats autonomes et des personnalit\u00e9s pour convaincre et construire des compromis en vue de l\u2019implication de tous dans ce processus de transition.\u00bb \u00abCette haute instance initie et supervise, selon le RCD, le processus de la transition de l\u2019arm\u00e9e vers une institution \u00e9tatique relevant du gouvernement civil, \u00e0 l\u2019instar de toutes les autres institutions.\u00bb<\/p>\n<p>Le pr\u00e9sident de Talaie El Hourriyet, Ali Benflis, lui, a une autre vision du r\u00f4le que doit jouer l\u2019ANP dans la crise que vit le pays. Pr\u00e9conisant la sortie du pi\u00e8ge de la solution constitutionnelle, l\u2019ancien chef de gouvernement estime, dans une tribune publi\u00e9e \u00e0 la mi-avril dernier, que \u00abseule l\u2019institution militaire peut aider \u00e0 parvenir \u00e0 cette solution, comme l\u2019exige son devoir patriotique et le sens \u00e9lev\u00e9 qu\u2019elle a des responsabilit\u00e9s nationales\u00bb.<\/p>\n<p>\u00abIl n\u2019est pas attendu de nos forces arm\u00e9es qu\u2019elles soient l\u2019ordonnateur de la sortie de crise, mais qu\u2019elles remplissent un devoir de facilitation, d\u2019accompagnement, de garantie et de protection de la solution de la crise.\u00bb<\/p>\n<p>C\u2019est \u00e0 quelques nuances pr\u00e8s, ce qu\u2019ont propos\u00e9, dans une contribution conjointe publi\u00e9e au lendemain de la grande marche du 22 f\u00e9vrier, le sociologue Houari Addi et le militant pour la d\u00e9mocratie Djamel Zenati. \u00abDans ce contexte d\u2019une extr\u00eame tension, \u00e9crivaient-ils, l\u2019institution militaire est fortement interpell\u00e9e.\u00bb \u00abElle se trouve devant un choix historique. L\u2019int\u00e9r\u00eat strat\u00e9gique du pays lui commande de se mettre du c\u00f4t\u00e9 de la population et au service de la solution.<\/p>\n<p>Elle doit jouer le r\u00f4le de facilitateur et de garant de la transition d\u00e9mocratique. L\u2019ordre ancien est fini. Vouloir le maintenir ou le ressusciter autrement serait d\u00e9sastreux\u00bb, pr\u00e9venaient-ils.<\/p>\n<p>La question sur le r\u00f4le que doit jouer l\u2019institution militaire est au centre d\u2019un important d\u00e9bat qui se d\u00e9roule au moment o\u00f9 le pays se retrouve dans l\u2019obligation de d\u00e9passer la crise politique qui le secoue.<\/p>\n<div class=\"yuzo_related_post style-1\" data-version=\"5.12.88\">\n<p><h3>Related Post<\/h3>\n<\/p>\n<div class=\"yuzo_wraps\">\n<div class=\"relatedthumb relatedpost-485277 c11\"><a href=\"https:\/\/www.elwatan.com\/regions\/est\/actu-est\/face-a-la-rarete-du-foncier-a-bordj-bou-arreridj-extension-urbaine-sans-toucher-aux-terres-agricoles-05-01-2019\"\/><\/p>\n<p><span class=\"yuzo__text--title c10\">Face \u00e0 la raret\u00e9 du foncier \u00e0 Bordj Bou Arr\u00e9ridj&#8230;<\/span><\/div>\n<div class=\"relatedthumb relatedpost-511851 c11\"><a href=\"https:\/\/www.elwatan.com\/regions\/sud\/actu-sud\/un-voleur-de-moto-sous-les-verrous-2-14-06-2016\"\/><\/p>\n<p><span class=\"yuzo__text--title c10\">Un voleur de moto sous les verrous<\/span><\/div>\n<div class=\"relatedthumb relatedpost-556875 c11\"><a href=\"https:\/\/www.elwatan.com\/edito\/reelle-inquietude-06-02-2019\"\/><\/p>\n<p><span class=\"yuzo__text--title c10\">R\u00e9elle inqui\u00e9tude<\/span><\/div>\n<div class=\"relatedthumb relatedpost-520795 c11\"><a href=\"https:\/\/www.elwatan.com\/edition\/actualite\/au-sud-aussi-khadidja-divise-lopinion-11-01-2019\"\/><\/p>\n<p><span class=\"yuzo__text--title c10\">Au Sud aussi, Khadidja divise l\u2019opinion<\/span><\/div>\n<\/div>\n<\/div>\n<p><span class=\"post-views-label\">Post Views:<\/span> <span class=\"post-views-count\">2\u00a0365<\/span><\/p>\n<p>Auteur: Hicham Chouadria<br \/>\n<a href=\"https:\/\/www.elwatan.com\/a-la-une\/transition-politique-le-role-de-larmee-en-question-09-05-2019\">Cliquez ici pour lire l&rsquo;article depuis sa source.<\/a><\/p>\n","protected":false},"excerpt":{"rendered":"<p>La question du r\u00f4le de l\u2019institution militaire revient de plus en plus et se pose avec acuit\u00e9 ces derniers jours. L\u2019\u00e9tat-major de l\u2019Arm\u00e9e nationale populaire (ANP) \u2013 qui a affirm\u00e9 maintes fois son refus de sortir du processus constitutionnel qui ne cadre pourtant pas avec les revendications des Alg\u00e9riens, lesquels refusent que la transition soit [&hellip;]<\/p>\n","protected":false},"author":1743,"featured_media":33285,"comment_status":"closed","ping_status":"closed","sticky":false,"template":"","format":"standard","meta":{"fifu_image_url":"","fifu_image_alt":"","footnotes":""},"categories":[73,53],"tags":[],"class_list":["post-33284","post","type-post","status-publish","format-standard","has-post-thumbnail","hentry","category-actualite","category-algerie"],"_links":{"self":[{"href":"https:\/\/linitiative.ca\/International\/wp-json\/wp\/v2\/posts\/33284","targetHints":{"allow":["GET"]}}],"collection":[{"href":"https:\/\/linitiative.ca\/International\/wp-json\/wp\/v2\/posts"}],"about":[{"href":"https:\/\/linitiative.ca\/International\/wp-json\/wp\/v2\/types\/post"}],"author":[{"embeddable":true,"href":"https:\/\/linitiative.ca\/International\/wp-json\/wp\/v2\/users\/1743"}],"replies":[{"embeddable":true,"href":"https:\/\/linitiative.ca\/International\/wp-json\/wp\/v2\/comments?post=33284"}],"version-history":[{"count":0,"href":"https:\/\/linitiative.ca\/International\/wp-json\/wp\/v2\/posts\/33284\/revisions"}],"wp:featuredmedia":[{"embeddable":true,"href":"https:\/\/linitiative.ca\/International\/wp-json\/"}],"wp:attachment":[{"href":"https:\/\/linitiative.ca\/International\/wp-json\/wp\/v2\/media?parent=33284"}],"wp:term":[{"taxonomy":"category","embeddable":true,"href":"https:\/\/linitiative.ca\/International\/wp-json\/wp\/v2\/categories?post=33284"},{"taxonomy":"post_tag","embeddable":true,"href":"https:\/\/linitiative.ca\/International\/wp-json\/wp\/v2\/tags?post=33284"}],"curies":[{"name":"wp","href":"https:\/\/api.w.org\/{rel}","templated":true}]}}