{"id":33286,"date":"2019-05-09T07:13:19","date_gmt":"2019-05-09T11:13:19","guid":{"rendered":"https:\/\/linitiative.ca\/International\/appel\/"},"modified":"2019-05-09T07:13:19","modified_gmt":"2019-05-09T11:13:19","slug":"appel","status":"publish","type":"post","link":"https:\/\/linitiative.ca\/International\/appel\/","title":{"rendered":"Appel"},"content":{"rendered":"<p class=\"c4\"><span class=\"c3\"><strong><span class=\"c2\">L\u2019<\/span>approbation unanime du rapport au Comit\u00e9 Central, r\u00e9uni dans sa quatri\u00e8me session ordinaire, et pr\u00e9sent\u00e9 par le Secr\u00e9taire g\u00e9n\u00e9ral au nom du Bureau politique, donne au discours du Parti du Progr\u00e8s et du Socialisme une dimension nationale.<\/strong><\/span><\/p>\n<p class=\"c4\"><span class=\"c5\">Non seulement, les derni\u00e8res sorties m\u00e9diatiques de Nabil Benabdallah sont consolid\u00e9es, mais elles sortent du cadre communicationnel dans lequel elles \u00e9taient inscrites pour devenir des \u00e9l\u00e9ments d\u2019un positionnement au sein du champ politique national, avec une force de v\u00e9rit\u00e9 qui \u0153uvre \u00e0 transformer l\u2019action politique.<\/span><\/p>\n<p class=\"c4\"><span class=\"c5\">Le confinement dans lequel se trouve le champ politique national ne peut subsister jusqu\u2019aux prochaines \u00e9ch\u00e9ances \u00e9lectorales, alors que diverses actions doivent \u00eatre men\u00e9es pour r\u00e9aliser le programme gouvernemental.<\/span><\/p>\n<p class=\"c4\"><span class=\"c5\">Si le dialogue n\u00e9cessaire avec les enseignants-cadres des Acad\u00e9mies r\u00e9gionales de l\u2019\u00e9ducation et de la formation semble aboutir \u00e0 la reprise des activit\u00e9s p\u00e9dagogiques, le spectre de l\u2019ann\u00e9e blanche doit \u00eatre \u00e9loign\u00e9 autant chez les \u00e9tudiants des facult\u00e9s de m\u00e9decine de pharmacie et de m\u00e9decine dentaire. Il est temps de cr\u00e9er un climat serein pour entamer une v\u00e9ritable r\u00e9forme de l\u2019\u00e9ducation et de la formation qui permet \u00e0 notre soci\u00e9t\u00e9 un d\u00e9veloppement \u00e9quilibr\u00e9 bas\u00e9 sur le capital humain et orient\u00e9 vers son bien\u00eatre.<\/span><\/p>\n<p class=\"c4\"><span class=\"c5\">Le mois de Ramadan r\u00e9v\u00e8le toujours les failles du commerce int\u00e9rieur. Les discours restent conjoncturels comme si l\u2019activit\u00e9 commerciale devrait beaucoup plus \u00e0 la moralit\u00e9 religieuse qu\u2019\u00e0 l\u2019encadrement institutionnel et r\u00e9glementaire. Les difficult\u00e9s sont connues mais ne sont pas r\u00e9solues car \u00ables int\u00e9r\u00eats des uns s\u2019affrontent aux int\u00e9r\u00eats des autres\u00bb et c\u2019est le consommateur qui est impact\u00e9 par des prix qui s\u2019envolent, des conditions d\u2019hygi\u00e8ne tr\u00e8s disparates, voire inexistantes et une qualit\u00e9 qui n\u2019est pas toujours assur\u00e9e.<\/span><\/p>\n<p class=\"c4\"><span class=\"c5\">Les carburants carburent sans que la maitrise des prix puisse permettre une \u00e9quit\u00e9 entre l\u2019offre et la demande. Une lib\u00e9ralisation du secteur qui ne semble pas favorable au consommateur, d\u2019autant que la concurrence semble ma\u00eetris\u00e9e par ceux-l\u00e0 m\u00eame qui tiennent la pompe et que le gouvernement ne s\u2019acquitte ni du contr\u00f4le ni du suivi, et ne s\u2019engage pas \u00e0 assumer sa mission de r\u00e9gulateur.<\/span><\/p>\n<p class=\"c4\"><span class=\"c5\">Cela, et bien d\u2019autres questions, n\u00e9cessite une action gouvernementale ad\u00e9quate en concordance avec les engagements solennels et les contraintes du renouveau de la politique sociale.<\/span><\/p>\n<p class=\"c4\"><span class=\"c5\">Le mouvement social et l\u2019engagement politique ne doivent pas aboutir \u00e0 un affrontement des personnes et \u00e0 une stagnation dans la pratique des dispositions constitutionnelles reconnues. Ils doivent sortir des cachoteries politiciennes et s\u2019inscrire dans une juste et saine pratique politique conduisant \u00e0 la mobilisation, \u00e0 l\u2019enthousiasme et \u00e0 l\u2019engagement de notre population dans son ensemble.<\/span><\/p>\n<p class=\"c4\"><span class=\"c5\">Certes il ne s\u2019agit pas seulement de produire un discours, aussi clair et incisif soit-il, mais de pr\u00e9senter une alternative pour consolider le processus d\u00e9mocratique et garantir le succ\u00e8s de l\u2019exp\u00e9rience men\u00e9e il y a une vingtaine d\u2019ann\u00e9es d\u00e9j\u00e0. Cette alternative doit \u00eatre issue d\u2019une approche consensuelle de l\u2019ensemble des acteurs de la vie politique nationale. Tous ceux qui ne s\u2019en lavent pas les mains, celles et ceux qui ne pensent pas \u00abqu\u2019apr\u00e8s eux le d\u00e9luge\u00bb et qui pr\u00e9parent la valise pour aller voir ailleurs. Celles et ceux qui militent pour am\u00e9liorer la vie quotidienne de la population au jour le jour, qu\u2019elles \u2013 qu\u2019ils \u2013 soient dans les partis politiques ou dans le monde associatif\u2026.<\/span><\/p>\n<p class=\"c4\"><span class=\"c5\">Une conf\u00e9rence nationale s\u2019impose pour relancer le souffle d\u00e9mocratique et lui donner une ampleur plus grande afin d\u2019assurer \u00able d\u00e9veloppement du processus d\u00e9mocratique national, l\u2019\u00e9laboration d\u2019un mod\u00e8le de d\u00e9veloppement alternatif ayant pour fondement une v\u00e9ritable justice sociale et spatiale, la conjugaison des efforts des diff\u00e9rents acteurs et des forces nationales, \u2026 \u00e0 m\u00eame de donner une forte impulsion aux projets de r\u00e9forme, de la d\u00e9mocratisation, de la modernisation et du d\u00e9veloppement\u00a0\u00bb. C\u2019est le v\u0153u du Parti du Progr\u00e8s et du Socialisme et son appel.<\/span><\/p>\n<p>Auteur: rahal mehamed<br \/>\n<a href=\"http:\/\/albayane.press.ma\/appel.html\">Cliquez ici pour lire l&rsquo;article depuis sa source.<\/a><\/p>\n","protected":false},"excerpt":{"rendered":"<p>L\u2019approbation unanime du rapport au Comit\u00e9 Central, r\u00e9uni dans sa quatri\u00e8me session ordinaire, et pr\u00e9sent\u00e9 par le Secr\u00e9taire g\u00e9n\u00e9ral au nom du Bureau politique, donne au discours du Parti du Progr\u00e8s et du Socialisme une dimension nationale. Non seulement, les derni\u00e8res sorties m\u00e9diatiques de Nabil Benabdallah sont consolid\u00e9es, mais elles sortent du cadre communicationnel dans [&hellip;]<\/p>\n","protected":false},"author":1760,"featured_media":0,"comment_status":"closed","ping_status":"closed","sticky":false,"template":"","format":"standard","meta":{"fifu_image_url":"","fifu_image_alt":"","footnotes":""},"categories":[73,54],"tags":[],"class_list":["post-33286","post","type-post","status-publish","format-standard","hentry","category-actualite","category-maroc"],"_links":{"self":[{"href":"https:\/\/linitiative.ca\/International\/wp-json\/wp\/v2\/posts\/33286","targetHints":{"allow":["GET"]}}],"collection":[{"href":"https:\/\/linitiative.ca\/International\/wp-json\/wp\/v2\/posts"}],"about":[{"href":"https:\/\/linitiative.ca\/International\/wp-json\/wp\/v2\/types\/post"}],"author":[{"embeddable":true,"href":"https:\/\/linitiative.ca\/International\/wp-json\/wp\/v2\/users\/1760"}],"replies":[{"embeddable":true,"href":"https:\/\/linitiative.ca\/International\/wp-json\/wp\/v2\/comments?post=33286"}],"version-history":[{"count":0,"href":"https:\/\/linitiative.ca\/International\/wp-json\/wp\/v2\/posts\/33286\/revisions"}],"wp:attachment":[{"href":"https:\/\/linitiative.ca\/International\/wp-json\/wp\/v2\/media?parent=33286"}],"wp:term":[{"taxonomy":"category","embeddable":true,"href":"https:\/\/linitiative.ca\/International\/wp-json\/wp\/v2\/categories?post=33286"},{"taxonomy":"post_tag","embeddable":true,"href":"https:\/\/linitiative.ca\/International\/wp-json\/wp\/v2\/tags?post=33286"}],"curies":[{"name":"wp","href":"https:\/\/api.w.org\/{rel}","templated":true}]}}