{"id":33289,"date":"2019-05-09T07:20:30","date_gmt":"2019-05-09T11:20:30","guid":{"rendered":"https:\/\/linitiative.ca\/International\/transport-rabat-les-nouveaux-bus-entrent-en-circulation-en-juillet\/"},"modified":"2019-05-09T07:20:30","modified_gmt":"2019-05-09T11:20:30","slug":"transport-rabat-les-nouveaux-bus-entrent-en-circulation-en-juillet","status":"publish","type":"post","link":"https:\/\/linitiative.ca\/International\/transport-rabat-les-nouveaux-bus-entrent-en-circulation-en-juillet\/","title":{"rendered":"Transport\/Rabat: Les nouveaux bus entrent en circulation en juillet"},"content":{"rendered":"<p class=\"c4\"><span class=\"c3\"><strong><span class=\"c2\">P<\/span>romis depuis pr\u00e8s d\u2019un an, les premiers nouveaux bus de derni\u00e8re g\u00e9n\u00e9ration seront mis en circulation \u00e0 Rabat en juillet prochain. C\u2019est ce qu\u2019a annonc\u00e9 Mustapha El Khalfi, ministre d\u00e9l\u00e9gu\u00e9 charg\u00e9 des relations avec le parlement et la soci\u00e9t\u00e9 civile, en r\u00e9ponse \u00e0 une motion d\u2019interpellation sur la gr\u00e8ve du personnel du transport public au niveau de la r\u00e9gion de Rabat, pr\u00e9sent\u00e9e par le groupe du mouvement populaire \u00e0 la Chambre des repr\u00e9sentants.<\/strong><\/span><\/p>\n<p class=\"c4\">Pour rappel, la gestion du transport de Rabat-Sal\u00e9-T\u00e9mara et des communes avoisinantes avait \u00e9t\u00e9 confi\u00e9e au groupement Alsa city bus suite \u00e0 un appel d\u2019offres ouvert en juillet 2018.<\/p>\n<p class=\"c4\">La tache s\u2019annonce d\u00e9j\u00e0 compliqu\u00e9e pour le nouveau d\u00e9l\u00e9gataire. Le personnel observe une gr\u00e8ve depuis le 8 avril, en guise de protestation contre les d\u00e9cisions prises par l\u2019\u00e9tablissement de coop\u00e9ration intercommunale \u00abAl Assima\u00bb. Et ce au lendemain de la r\u00e9union tenue le pr\u00e9sident d\u2019Al Assima, les pr\u00e9sidents des communs de Rabat, Ain Atiq et Temara ainsi que le pr\u00e9sident du conseil de tutelle \u00abStareo\u00bb.<\/p>\n<p class=\"c4\">La rencontre a \u00e9t\u00e9 marqu\u00e9e par la pr\u00e9sentation d\u2019un expos\u00e9 sur la gestion de la prochaine phase, en particulier pour les receveurs qui n\u2019ont pas encore b\u00e9n\u00e9fici\u00e9 de d\u00e9part volontaire. Al Assima avait propos\u00e9 d\u2019int\u00e9grer 1.600 employ\u00e9s restants dans la nouvelle soci\u00e9t\u00e9 de transport, \u00e0 l\u2019exception des receveurs.<\/p>\n<p class=\"c4\">La proposition n\u2019a pas \u00e9t\u00e9 accept\u00e9e par le personnel qui r\u00e9clame le maintien des receveurs dans l\u2019effectif d\u2019Alsa city bus. Les crit\u00e8res propos\u00e9s par l\u2019\u00e9tablissement de coop\u00e9ration intercommunale pour b\u00e9n\u00e9ficier de la prime d\u00e9di\u00e9 au personnel charg\u00e9 de certaines missions ont \u00e9galement \u00e9t\u00e9 rejet\u00e9s. Idem pour le programme de formation pr\u00e9vu pour les conducteurs. M\u00eame la proposition d\u2019augmenter les indemnit\u00e9s de d\u00e9part volontaire n\u2019a pas suffit \u00e0 calmer les ardeurs.<\/p>\n<p class=\"c4\">Le d\u00e9nouement de cette situation est indispensable pour respecter le d\u00e9lai fix\u00e9 pour le lancement de 100 nouveaux bus \u00e0 niveau de service.\u00a0 Il s\u2019agit de bus, d\u2019une longueur de 12 m\u00e8tres, qui peuvent accueillir jusqu\u2019\u00e0 80 passagers chacun.\u00a0 Chaque ann\u00e9e, Alsa city bus devra acqu\u00e9rir 100 nouveaux autres bus pour atteindre 500 \u00e0 la fin du contrat dont la dur\u00e9e est de 15 ans renouvelable pour une p\u00e9riode de 7 ans. En tout cas, le renouvellement de la flotte ne peut plus \u00eatre retard\u00e9 face \u00e0 la v\u00e9tust\u00e9 des bus qui sont toujours en circulation.<\/p>\n<p class=\"c5\"><strong>Hajar Benezha<\/strong><\/p>\n<p>Auteur: rahal mehamed<br \/>\n<a href=\"http:\/\/albayane.press.ma\/transport-rabat-les-nouveaux-bus-entrent-en-circulation-en-juillet.html\">Cliquez ici pour lire l&rsquo;article depuis sa source.<\/a><\/p>\n","protected":false},"excerpt":{"rendered":"<p>Promis depuis pr\u00e8s d\u2019un an, les premiers nouveaux bus de derni\u00e8re g\u00e9n\u00e9ration seront mis en circulation \u00e0 Rabat en juillet prochain. C\u2019est ce qu\u2019a annonc\u00e9 Mustapha El Khalfi, ministre d\u00e9l\u00e9gu\u00e9 charg\u00e9 des relations avec le parlement et la soci\u00e9t\u00e9 civile, en r\u00e9ponse \u00e0 une motion d\u2019interpellation sur la gr\u00e8ve du personnel du transport public au [&hellip;]<\/p>\n","protected":false},"author":1760,"featured_media":0,"comment_status":"closed","ping_status":"closed","sticky":false,"template":"","format":"standard","meta":{"fifu_image_url":"","fifu_image_alt":"","footnotes":""},"categories":[73,54],"tags":[],"class_list":["post-33289","post","type-post","status-publish","format-standard","hentry","category-actualite","category-maroc"],"_links":{"self":[{"href":"https:\/\/linitiative.ca\/International\/wp-json\/wp\/v2\/posts\/33289","targetHints":{"allow":["GET"]}}],"collection":[{"href":"https:\/\/linitiative.ca\/International\/wp-json\/wp\/v2\/posts"}],"about":[{"href":"https:\/\/linitiative.ca\/International\/wp-json\/wp\/v2\/types\/post"}],"author":[{"embeddable":true,"href":"https:\/\/linitiative.ca\/International\/wp-json\/wp\/v2\/users\/1760"}],"replies":[{"embeddable":true,"href":"https:\/\/linitiative.ca\/International\/wp-json\/wp\/v2\/comments?post=33289"}],"version-history":[{"count":0,"href":"https:\/\/linitiative.ca\/International\/wp-json\/wp\/v2\/posts\/33289\/revisions"}],"wp:attachment":[{"href":"https:\/\/linitiative.ca\/International\/wp-json\/wp\/v2\/media?parent=33289"}],"wp:term":[{"taxonomy":"category","embeddable":true,"href":"https:\/\/linitiative.ca\/International\/wp-json\/wp\/v2\/categories?post=33289"},{"taxonomy":"post_tag","embeddable":true,"href":"https:\/\/linitiative.ca\/International\/wp-json\/wp\/v2\/tags?post=33289"}],"curies":[{"name":"wp","href":"https:\/\/api.w.org\/{rel}","templated":true}]}}