{"id":33291,"date":"2019-05-09T09:00:58","date_gmt":"2019-05-09T13:00:58","guid":{"rendered":"https:\/\/linitiative.ca\/International\/economie-marocaine-ouverture-peu-reussie-et-productivite-au-ralenti\/"},"modified":"2019-05-09T09:00:58","modified_gmt":"2019-05-09T13:00:58","slug":"economie-marocaine-ouverture-peu-reussie-et-productivite-au-ralenti","status":"publish","type":"post","link":"https:\/\/linitiative.ca\/International\/economie-marocaine-ouverture-peu-reussie-et-productivite-au-ralenti\/","title":{"rendered":"Economie marocaine : Ouverture peu r\u00e9ussie et productivit\u00e9 au ralenti"},"content":{"rendered":"<p><img decoding=\"async\" class=\"post_layout_5_img\" src=\"http:\/\/aujourdhui.ma\/wp-content\/uploads\/2019\/05\/Economie-Maroc.jpg?x29840\" alt=\"Economie marocaine : Ouverture peu r\u00e9ussie et productivit\u00e9 au ralenti\"\/><\/p>\n<p class=\"p1\"><span class=\"c4\"><strong><em>Dans un ouvrage publi\u00e9 par l\u2019OCP Policy Center for the New South<\/em><\/strong><\/span><span id=\"more-310846\"\/><\/p>\n<div class=\"base-box mom_box_sc_custom mom_box_sc clear c5\" readability=\"10\">\n<p class=\"p1\"><em>La faiblesse des gains de productivit\u00e9 peut \u00eatre vue comme la cons\u00e9quence d\u2019une ouverture peu pr\u00e9par\u00e9e, peu ma\u00eetris\u00e9e et peu orient\u00e9e vers un positionnement dans les cha\u00eenes de valeur mondiales.<\/em><\/p>\n<\/div>\n<p class=\"p1\"><span class=\"s1\">L\u2019OCP Policy Center for the New South et le Laboratoire d\u2019\u00e9conomie appliqu\u00e9e, relevant de l\u2019Universit\u00e9 Mohammed V, viennent de publier un livre intitul\u00e9 \u00abOuverture, productivit\u00e9 et croissance \u00e9conomique au Maroc\u00bb. Une publication appuy\u00e9e par le Centre national de recherche scientifique et technique qui prolonge, selon les initiateurs, la r\u00e9flexion au sujet de la transformation structurelle du Maroc et met le curseur sur les deux principales fragilit\u00e9s auxquelles se heurte le rehaussement du potentiel de la croissance de l\u2019\u00e9conomie marocaine : \u00abune ouverture peu r\u00e9ussie et une productivit\u00e9 au ralenti\u00bb.<\/span><\/p>\n<p class=\"p1\"><span class=\"s1\">Cette \u0153uvre est le r\u00e9sultat de l\u2019engagement des initiateurs dans un projet de recherche. L\u2019objectif \u00e9tant l\u2019approfondissement des connaissances et d\u2019analyses sur l\u2019ouverture et les transformations structurelles de l\u2019\u00e9conomie marocaine.<\/span><\/p>\n<p class=\"p1\"><span class=\"s1\">Selon la m\u00eame source, le lancement de ce projet de recherche co\u00efncide avec une situation particuli\u00e8re de l\u2019\u00e9volution de l\u2019\u00e9conomie marocaine. Le ralentissement tendanciel de la croissance, persistance du ch\u00f4mage de masse, faibles gains de productivit\u00e9, perte en comp\u00e9titivit\u00e9, lenteur de la transformation structurelle, approfondissement des in\u00e9galit\u00e9s, d\u00e9classement social, etc, sont autant d\u2019indicateurs, dont la liste n\u2019est pas ferm\u00e9e, qui plaident pour le d\u00e9passement du mod\u00e8le de croissance poursuivi depuis plusieurs ann\u00e9es. La n\u00e9cessit\u00e9 de renouveler ce mod\u00e8le fait aujourd\u2019hui, et plus que jamais, l\u2019unanimit\u00e9. La mani\u00e8re d\u2019y parvenir ne va pas pour autant de soi et ne se fera pas naturellement du jour au lendemain. \u00ab<em>Cependant, il serait illusoire de repenser ce mod\u00e8le sans placer les d\u00e9fis que posent les questions d\u2019ouverture, de comp\u00e9titivit\u00e9 et de productivit\u00e9 au centre de la r\u00e9flexion<\/em>\u00bb, estiment les initiateurs.<\/span><\/p>\n<p class=\"p1\"><span class=\"s1\">L\u2019int\u00e9r\u00eat de cet ouvrage consiste \u00e0 prolonger cette r\u00e9flexion en mettant le curseur sur lesdites fragilit\u00e9s auxquelles se heurte le rehaussement du potentiel de la croissance de l\u2019\u00e9conomie marocaine. \u00ab<em>Si le Maroc a mis\u00e9, depuis belle lurette, sur l\u2019ouverture, force est cependant de constater que le bilan de cette ouverture est mitig\u00e9, et dans tous les cas en de\u00e7\u00e0 des attentes\u00bb,<\/em> commente la m\u00eame source. En fait, la faiblesse des gains de productivit\u00e9 est, d\u2019une certaine mani\u00e8re, \u00e0 la fois la cause et la cons\u00e9quence de ce bilan peu satisfaisant.<span class=\"Apple-converted-space\">\u00a0<\/span> Elle est la cause parce qu\u2019elle affecte la comp\u00e9titivit\u00e9 de l\u2019\u00e9conomie nationale et exerce des pressions sur son offre exportable traditionnelle.<\/span><\/p>\n<p class=\"p1\"><span class=\"s1\">Elle l\u2019emp\u00eache aussi de monter en gamme et de se lib\u00e9rer du \u00abpi\u00e8ge\u00bb des activit\u00e9s \u00e0 faible contenu en valeur ajout\u00e9e et en technologie. Cette faiblesse des gains de productivit\u00e9 peut \u00eatre vue, par ailleurs, comme la cons\u00e9quence d\u2019une ouverture peu pr\u00e9par\u00e9e, peu ma\u00eetris\u00e9e et peu orient\u00e9e vers un positionnement dans les cha\u00eenes de valeur mondiales permettant de profiter pleinement de ses retomb\u00e9es en termes de diffusion technologique, de renforcement de la capacit\u00e9 d\u2019absorption, d\u2019apprentissage par les exportations et d\u2019autres externalit\u00e9s susceptibles d\u2019am\u00e9liorer la productivit\u00e9 tant factorielle que globale. Des r\u00e9flexions susceptibles d\u2019\u00eatre int\u00e9ressantes au moment o\u00f9 le Maroc pense son mod\u00e8le de d\u00e9veloppement.<\/span><\/p>\n<p>Auteur: ALM<br \/>\n<a href=\"http:\/\/aujourdhui.ma\/economie\/economie-marocaine-ouverture-peu-reussie-et-productivite-au-ralenti\">Cliquez ici pour lire l&rsquo;article depuis sa source.<\/a><\/p>\n","protected":false},"excerpt":{"rendered":"<p>Dans un ouvrage publi\u00e9 par l\u2019OCP Policy Center for the New South La faiblesse des gains de productivit\u00e9 peut \u00eatre vue comme la cons\u00e9quence d\u2019une ouverture peu pr\u00e9par\u00e9e, peu ma\u00eetris\u00e9e et peu orient\u00e9e vers un positionnement dans les cha\u00eenes de valeur mondiales. L\u2019OCP Policy Center for the New South et le Laboratoire d\u2019\u00e9conomie appliqu\u00e9e, relevant [&hellip;]<\/p>\n","protected":false},"author":1759,"featured_media":0,"comment_status":"closed","ping_status":"closed","sticky":false,"template":"","format":"standard","meta":{"fifu_image_url":"","fifu_image_alt":"","footnotes":""},"categories":[73,54],"tags":[],"class_list":["post-33291","post","type-post","status-publish","format-standard","hentry","category-actualite","category-maroc"],"_links":{"self":[{"href":"https:\/\/linitiative.ca\/International\/wp-json\/wp\/v2\/posts\/33291","targetHints":{"allow":["GET"]}}],"collection":[{"href":"https:\/\/linitiative.ca\/International\/wp-json\/wp\/v2\/posts"}],"about":[{"href":"https:\/\/linitiative.ca\/International\/wp-json\/wp\/v2\/types\/post"}],"author":[{"embeddable":true,"href":"https:\/\/linitiative.ca\/International\/wp-json\/wp\/v2\/users\/1759"}],"replies":[{"embeddable":true,"href":"https:\/\/linitiative.ca\/International\/wp-json\/wp\/v2\/comments?post=33291"}],"version-history":[{"count":0,"href":"https:\/\/linitiative.ca\/International\/wp-json\/wp\/v2\/posts\/33291\/revisions"}],"wp:attachment":[{"href":"https:\/\/linitiative.ca\/International\/wp-json\/wp\/v2\/media?parent=33291"}],"wp:term":[{"taxonomy":"category","embeddable":true,"href":"https:\/\/linitiative.ca\/International\/wp-json\/wp\/v2\/categories?post=33291"},{"taxonomy":"post_tag","embeddable":true,"href":"https:\/\/linitiative.ca\/International\/wp-json\/wp\/v2\/tags?post=33291"}],"curies":[{"name":"wp","href":"https:\/\/api.w.org\/{rel}","templated":true}]}}