{"id":33292,"date":"2019-05-09T09:30:29","date_gmt":"2019-05-09T13:30:29","guid":{"rendered":"https:\/\/linitiative.ca\/International\/le-festival-aji-thdm-prend-ses-quartiers-a-rabat\/"},"modified":"2019-05-09T09:30:29","modified_gmt":"2019-05-09T13:30:29","slug":"le-festival-aji-thdm-prend-ses-quartiers-a-rabat","status":"publish","type":"post","link":"https:\/\/linitiative.ca\/International\/le-festival-aji-thdm-prend-ses-quartiers-a-rabat\/","title":{"rendered":"Le festival Aji T\u2019hdm prend ses quartiers \u00e0 Rabat"},"content":{"rendered":"<p><img decoding=\"async\" class=\"post_layout_5_img\" src=\"http:\/\/aujourdhui.ma\/wp-content\/uploads\/2019\/05\/festival-Aji-Thdm-.jpg?x29840\" alt=\"Le festival Aji T\u2019hdm prend ses quartiers \u00e0 Rabat\"\/><\/p>\n<p class=\"p1\"><span class=\"s1 c4\"><strong>Il se tiendra du 13 au 18 mai<\/strong><\/span><span id=\"more-310870\"\/><\/p>\n<div class=\"base-box mom_box_sc_custom mom_box_sc clear c5\" readability=\"12\">\n<p class=\"p1\"><strong><em>En tant que manifestation majeure du rire dans le Royaume, le Festival, au public grandissant d\u2019ann\u00e9e en ann\u00e9e, a \u00e9t\u00e9 initi\u00e9 \u00e0 cause du manque d\u2019activit\u00e9s culturelles pendant le mois de Ramadan.<\/em><\/strong><\/p>\n<\/div>\n<p class=\"p1\"><span class=\"s1\"><a href=\"http:\/\/aujourdhui.ma\/wp-content\/uploads\/2019\/05\/festival-Aji-Thdm.jpg?x29840\"><img loading=\"lazy\" decoding=\"async\" class=\"wp-image-310880 alignleft\" src=\"http:\/\/aujourdhui.ma\/wp-content\/uploads\/2019\/05\/festival-Aji-Thdm.jpg?x29840\" alt=\"\" width=\"334\" height=\"469\" srcset=\"http:\/\/aujourdhui.ma\/wp-content\/uploads\/2019\/05\/festival-Aji-Thdm.jpg 504w, http:\/\/aujourdhui.ma\/wp-content\/uploads\/2019\/05\/festival-Aji-Thdm-214x300.jpg 214w\" sizes=\"auto, (max-width: 334px) 100vw, 334px\"\/><\/a>D\u00e9sormais, le Festival Aji T\u2019hdm, initi\u00e9 par le duo humoristique \u00abLes Inqualifiables\u00bb, f\u00eate sa 5\u00e8me \u00e9dition \u00e0 Rabat. L\u00e0 o\u00f9 il est n\u00e9. Pour cet anniversaire qui sera c\u00e9l\u00e9br\u00e9 du 13 au 18 mai, cette manifestation marque, selon les initiateurs, un tournant. <em>\u00abLe Festival Aji T\u2019hdm a connu diff\u00e9rents formats depuis sa cr\u00e9ation mais nous tenions \u00e0 marquer le coup pour f\u00eater ses 5 ans. Nous avons donc fait le choix d\u2019offrir cet \u00e9v\u00e9nement \u00e0 la ville de Rabat qui a d\u00e9sormais son propre festival d\u2019humour!\u00bb,<\/em> pr\u00e9cise Oubeid Allah Hlal, cofondateur du festival.<\/span><\/p>\n<p class=\"p1\"><span class=\"s1\">Si \u00abLes Inqualifiables\u00bb, compos\u00e9 \u00e9galement d\u2019Amine Benghazi, a fait le choix d\u2019installer son festival \u00e0 Rabat, c\u2019est aussi pour le succ\u00e8s que le festival a rencontr\u00e9 et par amour pour cette ville lumi\u00e8re et capitale marocaine de la culture. D\u00e9j\u00e0, le duo est riche d\u2019une exp\u00e9rience au niveau national comme \u00e0 l\u2019international o\u00f9 il a sillonn\u00e9 les Etats-Unis, le Canada et Londres.<\/span><\/p>\n<p class=\"p1\"><span class=\"s1\">Pour f\u00eater cet anniversaire, Les Inqualifiables a r\u00e9uni autour de lui<span class=\"Apple-converted-space\">\u00a0<\/span> la cr\u00e8me des humoristes venus du Maroc et de l\u2019\u00e9tranger tout en invitant le public \u00e0 venir partager des moments de rire ainsi que de r\u00e9flexion. <em>\u00abEn duo ou en solo show, la diversit\u00e9 culturelle sera au rendez-vous chaque soir avec des spectacles in\u00e9dits qui ne manqueront pas de marquer les esprits\u00bb,<\/em> d\u00e9taillent les organisateurs.<\/span><\/p>\n<p class=\"p1\"><span class=\"s1\">Ce ne sont pas moins de 6 dates qui sont au programme avec, aux c\u00f4t\u00e9s des Inqualifiables, des t\u00eates d\u2019affiche. Ainsi, Amine Radi pr\u00e9sentera son spectacle \u00ab# Va dormir va\u00bb le 13 mai \u00e0 la Salle Bahnini o\u00f9 Driss &#038; Mehdi feront sensation, le 14 mai, avec \u00ab Marocologie\u00bb et Wahid Bouzidi animera, le 15 mai, \u00abGraisse Anatomy\u00bb. Au Th\u00e9\u00e2tre Mohammed V, Bassou fera, le 16 mai, rire le public avec son \u00abHollywood Smile\u00bb. \u00abLes Inqualifiables\u00bb sont, \u00e0 leur tour, naturellement de la partie. Ils pr\u00e9senteront, le 17 mai sur les m\u00eames planches, \u00ab Si A Moi Y\u2019A Toi\u00bb. De son c\u00f4t\u00e9, Hanane El Fadili sera de la partie pour pr\u00e9senter le 18 mai son \u00ab Hanane Show \u00bb dans les m\u00eames locaux.<\/span><\/p>\n<p class=\"p1\"><span class=\"s1\">En tant que manifestation majeure du rire dans le Royaume, le Festival, au public grandissant d\u2019ann\u00e9e en ann\u00e9e, a \u00e9t\u00e9 initi\u00e9 \u00e0 cause du manque d\u2019activit\u00e9s culturelles pendant le mois de Ramadan. En fait, le duo a lanc\u00e9 son concept de spectacle d\u2019humour \u00abAji T\u2019hdm\u00bb apr\u00e8s la rupture du je\u00fbne. Pour rappel, l\u2019\u00e9v\u00e9nement humoristique grandissant a pris naissance \u00e0 Rabat et a d\u00e9marr\u00e9 avec 4 spectacles pour sa premi\u00e8re \u00e9dition. Pour la deuxi\u00e8me ann\u00e9e, le rendez-vous est \u00e9galement devenu casablancais, et l\u2019ann\u00e9e suivante \u00e9tait celle de la cons\u00e9cration avec un spectacle donn\u00e9 au Th\u00e9\u00e2tre Mohammed V. Pour sa 4\u00e8me \u00e9dition, \u00abAji T\u2019hdm\u00bb n\u2019est plus qu\u2019un spectacle et devient un festival itin\u00e9rant sillonnant les grandes villes du Maroc faisant ainsi conna\u00eetre le duo dans tout le Royaume. Quant \u00e0 ce 5\u00e8me anniversaire, il est fait par ces deux comp\u00e8res, dans un esprit de partage et d\u2019\u00e9change, qui invitent \u00e0 leurs c\u00f4t\u00e9s une pl\u00e9iade d\u2019humoristes \u00e0 venir fouler les planches en leur compagnie.<\/span><\/p>\n<p>Auteur: ALM<br \/>\n<a href=\"http:\/\/aujourdhui.ma\/culture\/le-festival-aji-thdm-prend-ses-quartiers-a-rabat\">Cliquez ici pour lire l&rsquo;article depuis sa source.<\/a><\/p>\n","protected":false},"excerpt":{"rendered":"<p>Il se tiendra du 13 au 18 mai En tant que manifestation majeure du rire dans le Royaume, le Festival, au public grandissant d\u2019ann\u00e9e en ann\u00e9e, a \u00e9t\u00e9 initi\u00e9 \u00e0 cause du manque d\u2019activit\u00e9s culturelles pendant le mois de Ramadan. D\u00e9sormais, le Festival Aji T\u2019hdm, initi\u00e9 par le duo humoristique \u00abLes Inqualifiables\u00bb, f\u00eate sa 5\u00e8me [&hellip;]<\/p>\n","protected":false},"author":1759,"featured_media":0,"comment_status":"closed","ping_status":"closed","sticky":false,"template":"","format":"standard","meta":{"fifu_image_url":"","fifu_image_alt":"","footnotes":""},"categories":[73,54],"tags":[],"class_list":["post-33292","post","type-post","status-publish","format-standard","hentry","category-actualite","category-maroc"],"_links":{"self":[{"href":"https:\/\/linitiative.ca\/International\/wp-json\/wp\/v2\/posts\/33292","targetHints":{"allow":["GET"]}}],"collection":[{"href":"https:\/\/linitiative.ca\/International\/wp-json\/wp\/v2\/posts"}],"about":[{"href":"https:\/\/linitiative.ca\/International\/wp-json\/wp\/v2\/types\/post"}],"author":[{"embeddable":true,"href":"https:\/\/linitiative.ca\/International\/wp-json\/wp\/v2\/users\/1759"}],"replies":[{"embeddable":true,"href":"https:\/\/linitiative.ca\/International\/wp-json\/wp\/v2\/comments?post=33292"}],"version-history":[{"count":0,"href":"https:\/\/linitiative.ca\/International\/wp-json\/wp\/v2\/posts\/33292\/revisions"}],"wp:attachment":[{"href":"https:\/\/linitiative.ca\/International\/wp-json\/wp\/v2\/media?parent=33292"}],"wp:term":[{"taxonomy":"category","embeddable":true,"href":"https:\/\/linitiative.ca\/International\/wp-json\/wp\/v2\/categories?post=33292"},{"taxonomy":"post_tag","embeddable":true,"href":"https:\/\/linitiative.ca\/International\/wp-json\/wp\/v2\/tags?post=33292"}],"curies":[{"name":"wp","href":"https:\/\/api.w.org\/{rel}","templated":true}]}}