{"id":33293,"date":"2019-05-09T09:31:28","date_gmt":"2019-05-09T13:31:28","guid":{"rendered":"https:\/\/linitiative.ca\/International\/le-maroc-a-lhonneur-a-casa-mediterraneo-durant-le-mois-de-mai\/"},"modified":"2019-05-09T09:31:28","modified_gmt":"2019-05-09T13:31:28","slug":"le-maroc-a-lhonneur-a-casa-mediterraneo-durant-le-mois-de-mai","status":"publish","type":"post","link":"https:\/\/linitiative.ca\/International\/le-maroc-a-lhonneur-a-casa-mediterraneo-durant-le-mois-de-mai\/","title":{"rendered":"Le Maroc \u00e0 l\u2019honneur \u00e0 Casa  Mediterr\u00e1neo durant le mois de mai"},"content":{"rendered":"<header>\n<div class=\"entry-post-meta\">\n<div class=\"author-link\">Publi\u00e9 par <a itemprop=\"author\" itemscope=\"\" itemtype=\"https:\/\/schema.org\/Person\" href=\"http:\/\/aujourdhui.ma\/profile\/kaid\" rel=\"author\"><span itemprop=\"name\">ALM<\/span><\/a><\/div>\n<p>Date\u00a0:<time content=\"2019-05-09T13:31:28+00:00\" class=\"entry-date updated\" datetime=\"2019-05-09T13:31:28+00:00\">mai 09, 2019<\/time><\/p>\n<div class=\"entry-cat\">dans:<a href=\"http:\/\/aujourdhui.ma\/category\/culture\" rel=\"category tag\">Culture<\/a><\/div>\n<p>5Vues<\/p>\n<\/div>\n<\/header>\n<div class=\"entry-content clearfix\" readability=\"44\"><img decoding=\"async\" class=\"post_layout_5_img\" src=\"http:\/\/aujourdhui.ma\/wp-content\/uploads\/2019\/05\/Maison-de-la-Me%CC%81diterrane%CC%81e.jpg?x29840\" alt=\"Le Maroc \u00e0 l\u2019honneur \u00e0 Casa Mediterr\u00e1neo durant le mois de mai\"\/><\/p>\n<p class=\"p1\"><span class=\"s1\"><span class=\"c4\"><strong>Le Maroc sera \u00e0 l\u2019honneur \u00e0 Casa Mediterr\u00e1neo (Maison de la M\u00e9diterran\u00e9e) durant ce mois de mai \u00e0 travers une programmation culturelle sp\u00e9ciale d\u00e9di\u00e9e \u00e0 la richesse et la diversit\u00e9 culturelle du Royaume ainsi qu\u2019\u00e0 sa dynamique sociale et litt\u00e9raire.<\/strong><\/span><\/span><span id=\"more-310877\"\/><\/p>\n<p class=\"p1\"><span class=\"s1\">Les diff\u00e9rents \u00e9v\u00e9nements programm\u00e9s ont pour objectif <em>\u00abd\u2019analyser et de mettre en exergue la capacit\u00e9 cr\u00e9ative de notre pays voisin, le Maroc, ses nouveaux talents culturels, ainsi que les transformations sociales et culturelles\u00bb<\/em> v\u00e9cues par le Royaume, indique un communiqu\u00e9 de Casa Mediterr\u00e1neo, institution espagnole bas\u00e9e \u00e0 Alicante (Est) visant \u00e0 promouvoir les relations entre les pays du bassin m\u00e9diterran\u00e9en.<\/span><\/p>\n<\/div>\n<p>Auteur: ALM<br \/>\n<a href=\"http:\/\/aujourdhui.ma\/culture\/le-maroc-a-lhonneur-a-casa-mediterraneo-durant-le-mois-de-mai\">Cliquez ici pour lire l&rsquo;article depuis sa source.<\/a><\/p>\n","protected":false},"excerpt":{"rendered":"<p>Publi\u00e9 par ALM Date\u00a0:mai 09, 2019 dans:Culture 5Vues Le Maroc sera \u00e0 l\u2019honneur \u00e0 Casa Mediterr\u00e1neo (Maison de la M\u00e9diterran\u00e9e) durant ce mois de mai \u00e0 travers une programmation culturelle sp\u00e9ciale d\u00e9di\u00e9e \u00e0 la richesse et la diversit\u00e9 culturelle du Royaume ainsi qu\u2019\u00e0 sa dynamique sociale et litt\u00e9raire. Les diff\u00e9rents \u00e9v\u00e9nements programm\u00e9s ont pour objectif [&hellip;]<\/p>\n","protected":false},"author":1759,"featured_media":0,"comment_status":"closed","ping_status":"closed","sticky":false,"template":"","format":"standard","meta":{"fifu_image_url":"","fifu_image_alt":"","footnotes":""},"categories":[73,54],"tags":[],"class_list":["post-33293","post","type-post","status-publish","format-standard","hentry","category-actualite","category-maroc"],"_links":{"self":[{"href":"https:\/\/linitiative.ca\/International\/wp-json\/wp\/v2\/posts\/33293","targetHints":{"allow":["GET"]}}],"collection":[{"href":"https:\/\/linitiative.ca\/International\/wp-json\/wp\/v2\/posts"}],"about":[{"href":"https:\/\/linitiative.ca\/International\/wp-json\/wp\/v2\/types\/post"}],"author":[{"embeddable":true,"href":"https:\/\/linitiative.ca\/International\/wp-json\/wp\/v2\/users\/1759"}],"replies":[{"embeddable":true,"href":"https:\/\/linitiative.ca\/International\/wp-json\/wp\/v2\/comments?post=33293"}],"version-history":[{"count":0,"href":"https:\/\/linitiative.ca\/International\/wp-json\/wp\/v2\/posts\/33293\/revisions"}],"wp:attachment":[{"href":"https:\/\/linitiative.ca\/International\/wp-json\/wp\/v2\/media?parent=33293"}],"wp:term":[{"taxonomy":"category","embeddable":true,"href":"https:\/\/linitiative.ca\/International\/wp-json\/wp\/v2\/categories?post=33293"},{"taxonomy":"post_tag","embeddable":true,"href":"https:\/\/linitiative.ca\/International\/wp-json\/wp\/v2\/tags?post=33293"}],"curies":[{"name":"wp","href":"https:\/\/api.w.org\/{rel}","templated":true}]}}