{"id":33294,"date":"2019-05-09T09:41:43","date_gmt":"2019-05-09T13:41:43","guid":{"rendered":"https:\/\/linitiative.ca\/International\/sale-il-tue-son-voisin-pour-lavoir-denonce-aupres-de-sa-mere\/"},"modified":"2019-05-09T09:41:43","modified_gmt":"2019-05-09T13:41:43","slug":"sale-il-tue-son-voisin-pour-lavoir-denonce-aupres-de-sa-mere","status":"publish","type":"post","link":"https:\/\/linitiative.ca\/International\/sale-il-tue-son-voisin-pour-lavoir-denonce-aupres-de-sa-mere\/","title":{"rendered":"Sal\u00e9 : Il tue son voisin pour l\u2019avoir d\u00e9nonc\u00e9 aupr\u00e8s de sa m\u00e8re"},"content":{"rendered":"<header>\n<\/header>\n<div class=\"entry-content clearfix\" readability=\"58\"><img decoding=\"async\" class=\"post_layout_5_img\" src=\"http:\/\/aujourdhui.ma\/wp-content\/uploads\/2016\/07\/tueur-tramdina-couteau.jpg?x29840\" alt=\"Sal\u00e9 : Il tue son voisin pour l\u2019avoir d\u00e9nonc\u00e9 aupr\u00e8s de sa m\u00e8re\"\/><\/p>\n<p class=\"p1\"><span class=\"s1 c4\"><strong>Il a quitt\u00e9 d\u00e9finitivement les bancs de l\u2019\u00e9tablissement scolaire l\u2019ann\u00e9e derni\u00e8re. Malgr\u00e9 les efforts de ses parents pour qu\u2019il ait au moins son Bac, il ne voulait plus y retourner.<\/strong><\/span> <span id=\"more-310892\"\/><\/p>\n<p class=\"p1\"><span class=\"s1\">La mauvaise fr\u00e9quentation l\u2019a propuls\u00e9 vers une voie bien moins honorable. Il a vu le jour en 2005 dans une famille qui demeure au quartier Al Inbi\u00e2t, \u00e0 Sal\u00e9. Il passait toute la<span class=\"Apple-converted-space\">\u00a0<\/span> journ\u00e9e en compagnie de ses camarades de quartier dont la majorit\u00e9 avait quitt\u00e9 l\u2019\u00e9cole.<\/span><\/p>\n<p class=\"p1\"><span class=\"s1\">Petit \u00e0 petit il a commenc\u00e9 \u00e0 fumer en cachette des cigarettes puis du haschich. Seulement, un voisin l\u2019a vu et s\u2019est empress\u00e9 d\u2019aller le dire aux parents de l\u2019adolescent qui l\u2019ont grond\u00e9 s\u00e9v\u00e8rement. Sa m\u00e8re l\u2019a m\u00eame menac\u00e9 de le jeter \u00e0 la rue s\u2019il n\u2019arr\u00eatait pas de fumer. Il savait forc\u00e9ment que sa m\u00e8re pouvait mettre sa menace \u00e0 ex\u00e9cution. O\u00f9 irait-il si sa m\u00e8re le chassait de la maison ? En m\u00eame temps il ne voulait pas se priver du \u00abplaisir\u00bb que lui procuraient cigarettes et joints.<\/span><\/p>\n<p class=\"p1\"><span class=\"s1\">Et puis qui a inform\u00e9 sa m\u00e8re? Sa d\u00e9cision \u00e9tait prise : il allait se venger de celui qui l\u2019a d\u00e9nonc\u00e9. Pas moins de quelques jours il est arriv\u00e9 \u00e0 savoir que l\u2019homme qui a inform\u00e9 sa m\u00e8re n\u2019\u00e9tait autre que son voisin, \u00e2g\u00e9 de soixante-dix-huit ans.<\/span><\/p>\n<p class=\"p1\"><span class=\"s1\">Sans h\u00e9sitation, l\u2019adolescent s\u2019arme d\u2019un couteau et se plante, la nuit de ce samedi 27 avril devant l\u2019entr\u00e9e de la mosqu\u00e9e o\u00f9 le septuag\u00e9naire accomplit sa pri\u00e8re. La pri\u00e8re d\u2019Al \u00cecha termin\u00e9e, le vieil homme reprend son chemin vers son domicile. L\u2019adolescent surgit de nulle part et lui ass\u00e8ne un coup fatal \u00e0 la poitrine.<\/span><\/p>\n<\/div>\n<p>Auteur: Abderrafii ALOUMLIKI<br \/>\n<a href=\"http:\/\/aujourdhui.ma\/faits-divers\/sale-il-tue-son-voisin-pour-lavoir-denonce-aupres-de-sa-mere\">Cliquez ici pour lire l&rsquo;article depuis sa source.<\/a><\/p>\n","protected":false},"excerpt":{"rendered":"<p>Il a quitt\u00e9 d\u00e9finitivement les bancs de l\u2019\u00e9tablissement scolaire l\u2019ann\u00e9e derni\u00e8re. Malgr\u00e9 les efforts de ses parents pour qu\u2019il ait au moins son Bac, il ne voulait plus y retourner. La mauvaise fr\u00e9quentation l\u2019a propuls\u00e9 vers une voie bien moins honorable. Il a vu le jour en 2005 dans une famille qui demeure au quartier [&hellip;]<\/p>\n","protected":false},"author":1759,"featured_media":0,"comment_status":"closed","ping_status":"closed","sticky":false,"template":"","format":"standard","meta":{"fifu_image_url":"","fifu_image_alt":"","footnotes":""},"categories":[73,54],"tags":[],"class_list":["post-33294","post","type-post","status-publish","format-standard","hentry","category-actualite","category-maroc"],"_links":{"self":[{"href":"https:\/\/linitiative.ca\/International\/wp-json\/wp\/v2\/posts\/33294","targetHints":{"allow":["GET"]}}],"collection":[{"href":"https:\/\/linitiative.ca\/International\/wp-json\/wp\/v2\/posts"}],"about":[{"href":"https:\/\/linitiative.ca\/International\/wp-json\/wp\/v2\/types\/post"}],"author":[{"embeddable":true,"href":"https:\/\/linitiative.ca\/International\/wp-json\/wp\/v2\/users\/1759"}],"replies":[{"embeddable":true,"href":"https:\/\/linitiative.ca\/International\/wp-json\/wp\/v2\/comments?post=33294"}],"version-history":[{"count":0,"href":"https:\/\/linitiative.ca\/International\/wp-json\/wp\/v2\/posts\/33294\/revisions"}],"wp:attachment":[{"href":"https:\/\/linitiative.ca\/International\/wp-json\/wp\/v2\/media?parent=33294"}],"wp:term":[{"taxonomy":"category","embeddable":true,"href":"https:\/\/linitiative.ca\/International\/wp-json\/wp\/v2\/categories?post=33294"},{"taxonomy":"post_tag","embeddable":true,"href":"https:\/\/linitiative.ca\/International\/wp-json\/wp\/v2\/tags?post=33294"}],"curies":[{"name":"wp","href":"https:\/\/api.w.org\/{rel}","templated":true}]}}