{"id":33295,"date":"2019-05-09T09:44:06","date_gmt":"2019-05-09T13:44:06","guid":{"rendered":"https:\/\/linitiative.ca\/International\/marrakech-trois-mineurs-abusent-dun-enfant-de-8-ans\/"},"modified":"2019-05-09T09:44:06","modified_gmt":"2019-05-09T13:44:06","slug":"marrakech-trois-mineurs-abusent-dun-enfant-de-8-ans","status":"publish","type":"post","link":"https:\/\/linitiative.ca\/International\/marrakech-trois-mineurs-abusent-dun-enfant-de-8-ans\/","title":{"rendered":"Marrakech : Trois mineurs abusent d\u2019un enfant de 8 ans"},"content":{"rendered":"<header>\n<\/header>\n<div class=\"entry-content clearfix\" readability=\"56\"><img decoding=\"async\" class=\"post_layout_5_img\" src=\"http:\/\/aujourdhui.ma\/wp-content\/uploads\/2017\/01\/Pedo-Agression-enfants-victimes-violence-sexuelle.jpg?x29840\" alt=\"Marrakech : Trois mineurs abusent d\u2019un enfant de 8 ans\"\/><\/p>\n<p class=\"p1\"><span class=\"s1 c5\"><span class=\"c4\"><strong>Pour avoir abus\u00e9 sexuellement d\u2019un enfant, \u00e2g\u00e9 de huit ans, \u00e0 Marrakech, deux enfants mineurs ont \u00e9t\u00e9 gard\u00e9s sous surveillance judiciaire par la police judiciaire de la s\u00fbret\u00e9 de la ville ocre.<\/strong><\/span><\/span><span id=\"more-310897\"\/><\/p>\n<p class=\"p1\"><span class=\"s1\">Un troisi\u00e8me enfant, \u00e9galement mineur, en fuite, est actuellement recherch\u00e9 par la police. En effet, selon l\u2019enqu\u00eate polici\u00e8re, l\u2019enfant de huit ans faisait l\u2019objet d\u2019abus sexuel depuis quelque mois. Il n\u2019\u00e9tait plus actif, il parlait peu alors qu\u2019il \u00e9tait bavard, et puis il a commenc\u00e9 \u00e0 uriner involontairement lors de son sommeil.<\/span><\/p>\n<p class=\"p1\"><span class=\"s1\">Ces changements ont fini par attirer l\u2019attention de sa grand-m\u00e8re qui se chargeait de lui, depuis le retour de ses parents en France. Au fil des questions, l\u2019enfant lui a tout racont\u00e9. Il lui a expliqu\u00e9 que trois mineurs l\u2019emmenaient vers des cagibis abandonn\u00e9s pour abuser de lui collectivement et \u00e0 tour de r\u00f4le.<\/span><\/p>\n<\/div>\n<p>Auteur: Abderrafii ALOUMLIKI<br \/>\n<a href=\"http:\/\/aujourdhui.ma\/faits-divers\/marrakech-trois-mineurs-abusent-dun-enfant-de-8-ans\">Cliquez ici pour lire l&rsquo;article depuis sa source.<\/a><\/p>\n","protected":false},"excerpt":{"rendered":"<p>Pour avoir abus\u00e9 sexuellement d\u2019un enfant, \u00e2g\u00e9 de huit ans, \u00e0 Marrakech, deux enfants mineurs ont \u00e9t\u00e9 gard\u00e9s sous surveillance judiciaire par la police judiciaire de la s\u00fbret\u00e9 de la ville ocre. Un troisi\u00e8me enfant, \u00e9galement mineur, en fuite, est actuellement recherch\u00e9 par la police. En effet, selon l\u2019enqu\u00eate polici\u00e8re, l\u2019enfant de huit ans faisait [&hellip;]<\/p>\n","protected":false},"author":1759,"featured_media":0,"comment_status":"closed","ping_status":"closed","sticky":false,"template":"","format":"standard","meta":{"fifu_image_url":"","fifu_image_alt":"","footnotes":""},"categories":[73,54],"tags":[],"class_list":["post-33295","post","type-post","status-publish","format-standard","hentry","category-actualite","category-maroc"],"_links":{"self":[{"href":"https:\/\/linitiative.ca\/International\/wp-json\/wp\/v2\/posts\/33295","targetHints":{"allow":["GET"]}}],"collection":[{"href":"https:\/\/linitiative.ca\/International\/wp-json\/wp\/v2\/posts"}],"about":[{"href":"https:\/\/linitiative.ca\/International\/wp-json\/wp\/v2\/types\/post"}],"author":[{"embeddable":true,"href":"https:\/\/linitiative.ca\/International\/wp-json\/wp\/v2\/users\/1759"}],"replies":[{"embeddable":true,"href":"https:\/\/linitiative.ca\/International\/wp-json\/wp\/v2\/comments?post=33295"}],"version-history":[{"count":0,"href":"https:\/\/linitiative.ca\/International\/wp-json\/wp\/v2\/posts\/33295\/revisions"}],"wp:attachment":[{"href":"https:\/\/linitiative.ca\/International\/wp-json\/wp\/v2\/media?parent=33295"}],"wp:term":[{"taxonomy":"category","embeddable":true,"href":"https:\/\/linitiative.ca\/International\/wp-json\/wp\/v2\/categories?post=33295"},{"taxonomy":"post_tag","embeddable":true,"href":"https:\/\/linitiative.ca\/International\/wp-json\/wp\/v2\/tags?post=33295"}],"curies":[{"name":"wp","href":"https:\/\/api.w.org\/{rel}","templated":true}]}}