{"id":33297,"date":"2019-05-09T10:30:39","date_gmt":"2019-05-09T14:30:39","guid":{"rendered":"https:\/\/linitiative.ca\/International\/biennale-des-photographes-du-monde-arabe-contemporain-carte-blanche-a-hassan-hajjaj\/"},"modified":"2019-05-09T10:30:39","modified_gmt":"2019-05-09T14:30:39","slug":"biennale-des-photographes-du-monde-arabe-contemporain-carte-blanche-a-hassan-hajjaj","status":"publish","type":"post","link":"https:\/\/linitiative.ca\/International\/biennale-des-photographes-du-monde-arabe-contemporain-carte-blanche-a-hassan-hajjaj\/","title":{"rendered":"Biennale des photographes du monde arabe contemporain : Carte blanche \u00e0 Hassan Hajjaj"},"content":{"rendered":"<p><img decoding=\"async\" class=\"post_layout_5_img\" src=\"http:\/\/aujourdhui.ma\/wp-content\/uploads\/2019\/05\/Hassan-Hajjaj-Biennale-des-photographes-du-monde-arabe-contemporain.jpg?x29840\" alt=\"Biennale des photographes du monde arabe contemporain : Carte blanche \u00e0 Hassan Hajjaj\"\/><\/p>\n<p class=\"p1\"><span class=\"c4\"><strong><span class=\"s1\"><em>Il interviendra sur la d\u00e9coration et le mobilier\u00a0<\/em><\/span><span class=\"s1\"><em>et proposera de nombreuses installations<\/em><\/span><\/strong><\/span> <span id=\"more-310878\"\/><\/p>\n<p class=\"p2\"><span class=\"s1\">L\u2019artiste de renomm\u00e9e internationale Hassan Hajjaj investira l\u2019espace de la Maison europ\u00e9enne de la photographie situ\u00e9e \u00e0 Paris (MEP) en septembre 2019. Ce pionnier du pop art au Maroc pr\u00e9sentera son nouveau projet inscrit dans le cadre de la troisi\u00e8me Biennale des photographes du monde arabe contemporain. <em>\u00abPour la 3\u00e8me saison, la MEP se transformera pour rentrer dans la peau de sa jumelle marocaine.<\/em><\/span><\/p>\n<p class=\"p2\"><span class=\"s1\"><em>Hassan Hajjaj exploitera l\u2019int\u00e9gralit\u00e9 des espaces, \u00e0 l\u2019occasion d\u2019une carte blanche, selon une tradition ch\u00e8re \u00e0 la MEP de donner libre cours aux artistes qu\u2019elle invite\u00bb,<\/em> peut-on lire dans une note de pr\u00e9sentation de la MEP. Dans ce sens, cet artiste pluridisciplinaire interviendra ainsi sur la d\u00e9coration et le mobilier, et proposera de nombreuses installations pour la MEP. <em>\u00abIl transformera jusqu\u2019aux espaces \u00e9ducatifs et \u00e0 la librairie, pour donner sa propre d\u00e9finition d\u2019un foyer de la photographie\u00bb,<\/em> indique-t-on. Artiste confirm\u00e9, les cr\u00e9ations de Hassan Hajjaj sont originales et ne laissent personne indiff\u00e9rent.<\/span><\/p>\n<p class=\"p2\"><span class=\"s1\">Gr\u00e2ce \u00e0 son talent il a r\u00e9ussi \u00e0 s\u2019imposer au niveau international avec son univers haut en couleur o\u00f9 il use d\u2019objets puis\u00e9s du Maroc. Selon les organisateurs, son univers artistique r\u00e9v\u00e8le ainsi sa capacit\u00e9 \u00e0 cr\u00e9er des ponts entre ces deux cultures. <em>\u00abBien que reconnu pour ses portraits photographiques, Hassan Hajjaj est un artiste autodidacte qui ne se fige dans aucun genre ni aucune forme. Il passe ainsi de l\u2019installation \u00e0 la vid\u00e9o, et explore le domaine de la mode mais aussi d\u2019autres champs de la cr\u00e9ation contemporaine\u00bb.<\/em> Travaillant la photographie d\u00e8s la fin des ann\u00e9es 1980, il saisit depuis des mod\u00e8les, amis ou \u00e9trangers, dans de grandes compositions color\u00e9es, reprenant des codes de la photographie de mode contemporaine ou du pop art. Avec humour, tirant parfois et consciemment vers le kitsch, ses \u0153uvres font se croiser les clich\u00e9s les plus tenaces et les ic\u00f4nes les plus repr\u00e9sentatives de ses deux cultures, d\u2019origine et d\u2019adoption.<\/span><\/p>\n<p class=\"p2\"><span class=\"s1\">La Biennale des photographes du monde arabe contemporain est organis\u00e9e \u00e0 l\u2019initiative de l\u2019Institut du monde arabe (IMA) et la Maison europ\u00e9enne de la photographie (MEP). Pr\u00e9vue du 11 septembre au 24 novembre 2019, cette manifestation conna\u00eetra la participation de deux jeunes photographes marocains dont les noms n\u2019ont pas encore \u00e9t\u00e9 r\u00e9v\u00e9l\u00e9s et qui exposeront leur travail dans le studio et seront en r\u00e9sidence \u00e0 la Cit\u00e9 internationale des arts de Paris.<\/span><\/p>\n<p>Auteur: Siham Jadraoui<br \/>\n<a href=\"http:\/\/aujourdhui.ma\/culture\/biennale-des-photographes-du-monde-arabe-contemporain-carte-blanche-a-hassan-hajjaj\">Cliquez ici pour lire l&rsquo;article depuis sa source.<\/a><\/p>\n","protected":false},"excerpt":{"rendered":"<p>Il interviendra sur la d\u00e9coration et le mobilier\u00a0et proposera de nombreuses installations L\u2019artiste de renomm\u00e9e internationale Hassan Hajjaj investira l\u2019espace de la Maison europ\u00e9enne de la photographie situ\u00e9e \u00e0 Paris (MEP) en septembre 2019. Ce pionnier du pop art au Maroc pr\u00e9sentera son nouveau projet inscrit dans le cadre de la troisi\u00e8me Biennale des photographes [&hellip;]<\/p>\n","protected":false},"author":1759,"featured_media":0,"comment_status":"closed","ping_status":"closed","sticky":false,"template":"","format":"standard","meta":{"fifu_image_url":"","fifu_image_alt":"","footnotes":""},"categories":[73,54],"tags":[],"class_list":["post-33297","post","type-post","status-publish","format-standard","hentry","category-actualite","category-maroc"],"_links":{"self":[{"href":"https:\/\/linitiative.ca\/International\/wp-json\/wp\/v2\/posts\/33297","targetHints":{"allow":["GET"]}}],"collection":[{"href":"https:\/\/linitiative.ca\/International\/wp-json\/wp\/v2\/posts"}],"about":[{"href":"https:\/\/linitiative.ca\/International\/wp-json\/wp\/v2\/types\/post"}],"author":[{"embeddable":true,"href":"https:\/\/linitiative.ca\/International\/wp-json\/wp\/v2\/users\/1759"}],"replies":[{"embeddable":true,"href":"https:\/\/linitiative.ca\/International\/wp-json\/wp\/v2\/comments?post=33297"}],"version-history":[{"count":0,"href":"https:\/\/linitiative.ca\/International\/wp-json\/wp\/v2\/posts\/33297\/revisions"}],"wp:attachment":[{"href":"https:\/\/linitiative.ca\/International\/wp-json\/wp\/v2\/media?parent=33297"}],"wp:term":[{"taxonomy":"category","embeddable":true,"href":"https:\/\/linitiative.ca\/International\/wp-json\/wp\/v2\/categories?post=33297"},{"taxonomy":"post_tag","embeddable":true,"href":"https:\/\/linitiative.ca\/International\/wp-json\/wp\/v2\/tags?post=33297"}],"curies":[{"name":"wp","href":"https:\/\/api.w.org\/{rel}","templated":true}]}}