{"id":33302,"date":"2019-05-09T10:26:17","date_gmt":"2019-05-09T14:26:17","guid":{"rendered":"https:\/\/linitiative.ca\/International\/accroissement-de-10-des-nuitees-touristiques-en-mars-dernier\/"},"modified":"2019-05-09T10:26:17","modified_gmt":"2019-05-09T14:26:17","slug":"accroissement-de-10-des-nuitees-touristiques-en-mars-dernier","status":"publish","type":"post","link":"https:\/\/linitiative.ca\/International\/accroissement-de-10-des-nuitees-touristiques-en-mars-dernier\/","title":{"rendered":"Accroissement de 10% des nuit\u00e9es touristiques en mars dernier"},"content":{"rendered":"<div class=\"single-featured\"><img alt=\"\" data-src=\"http:\/\/www.mapmarrakech.ma\/map\/uploads\/2019\/05\/infonuit\u00e9esmarrakech.jpg\"\/><\/div>\n<div class=\"single-post-excerpt post-excerpt-bc\" readability=\"35\">\n<p>Marrakech \u2013 Les nuit\u00e9es touristiques enregistr\u00e9es dans les diff\u00e9rents \u00e9tablissements d\u2019h\u00e9bergement touristique class\u00e9s de la ville de Marrakech ont connu un accroissement de 10% en mars dernier, en comparaison au m\u00eame mois de l\u2019ann\u00e9e \u00e9coul\u00e9e.<\/p>\n<\/div>\n<div class=\"entry-content clearfix single-post-content\" readability=\"66\">\n<p>Ainsi, un total de 766.483 nuit\u00e9es a \u00e9t\u00e9 enregistr\u00e9 en mars dernier contre 698.945 nuit\u00e9es en mars 2018, selon les nouvelles statistiques publi\u00e9es par l\u2019Observatoire du tourisme.<\/p>\n<p>Concernant le taux d\u2019occupation, il a \u00e9t\u00e9 de 73% en mars dernier, contre 64% enregistr\u00e9 durant le m\u00eame mois de l\u2019ann\u00e9e 2018.<\/p>\n<p>Quant \u00e0 la dur\u00e9e moyenne du s\u00e9jour en mars 2019 dans la cit\u00e9 ocre, elle \u00e9tait de 3 jours, soit une moyenne identique \u00e0 celle enregistr\u00e9e lors de mars 2018, a pr\u00e9cis\u00e9 la m\u00eame source.<\/p>\n<p>Pour leur part, les nuit\u00e9es totales r\u00e9alis\u00e9es dans les \u00e9tablissements d\u2019h\u00e9bergement touristique class\u00e9s de Marrakech ont enregistr\u00e9 une progression de 8% durant le premier trimestre de 2019.<\/p>\n<p>Un total de 1.874.928 nuit\u00e9es a \u00e9t\u00e9 enregistr\u00e9 au cours des trois premiers mois de 2019 contre 1.743.340 nuit\u00e9es durant le premier trimestre de l\u2019ann\u00e9e \u00e9coul\u00e9e, a fait savoir l\u2019Observatoire du tourisme.<\/p>\n<p>Pour ce qui est du taux d\u2019occupation, il s\u2019est \u00e9tabli \u00e0 62% \u00e0 fin mars dernier contre 56% durant la p\u00e9riode janvier-mars 2018.<\/p>\n<p>Quant \u00e0 la dur\u00e9e moyenne du s\u00e9jour, elle \u00e9tait de 3 jours durant le 1er trimestre 2019, ce qui repr\u00e9sente une moyenne identique \u00e0 celle enregistr\u00e9e durant la m\u00eame p\u00e9riode de 2018, a not\u00e9 la m\u00eame source.<\/p>\n<\/div>\n<p>Auteur: Meriem IGASS<br \/>\n<a href=\"http:\/\/www.mapmarrakech.ma\/fr\/accroissement-de-10-des-nuitees-touristiques-en-mars-dernier\/\">Cliquez ici pour lire l&rsquo;article depuis sa source.<\/a><\/p>\n","protected":false},"excerpt":{"rendered":"<p>Marrakech \u2013 Les nuit\u00e9es touristiques enregistr\u00e9es dans les diff\u00e9rents \u00e9tablissements d\u2019h\u00e9bergement touristique class\u00e9s de la ville de Marrakech ont connu un accroissement de 10% en mars dernier, en comparaison au m\u00eame mois de l\u2019ann\u00e9e \u00e9coul\u00e9e. Ainsi, un total de 766.483 nuit\u00e9es a \u00e9t\u00e9 enregistr\u00e9 en mars dernier contre 698.945 nuit\u00e9es en mars 2018, selon les [&hellip;]<\/p>\n","protected":false},"author":1788,"featured_media":33303,"comment_status":"closed","ping_status":"closed","sticky":false,"template":"","format":"standard","meta":{"fifu_image_url":"","fifu_image_alt":"","footnotes":""},"categories":[54,76],"tags":[],"class_list":["post-33302","post","type-post","status-publish","format-standard","has-post-thumbnail","hentry","category-maroc","category-regions"],"_links":{"self":[{"href":"https:\/\/linitiative.ca\/International\/wp-json\/wp\/v2\/posts\/33302","targetHints":{"allow":["GET"]}}],"collection":[{"href":"https:\/\/linitiative.ca\/International\/wp-json\/wp\/v2\/posts"}],"about":[{"href":"https:\/\/linitiative.ca\/International\/wp-json\/wp\/v2\/types\/post"}],"author":[{"embeddable":true,"href":"https:\/\/linitiative.ca\/International\/wp-json\/wp\/v2\/users\/1788"}],"replies":[{"embeddable":true,"href":"https:\/\/linitiative.ca\/International\/wp-json\/wp\/v2\/comments?post=33302"}],"version-history":[{"count":0,"href":"https:\/\/linitiative.ca\/International\/wp-json\/wp\/v2\/posts\/33302\/revisions"}],"wp:featuredmedia":[{"embeddable":true,"href":"https:\/\/linitiative.ca\/International\/wp-json\/"}],"wp:attachment":[{"href":"https:\/\/linitiative.ca\/International\/wp-json\/wp\/v2\/media?parent=33302"}],"wp:term":[{"taxonomy":"category","embeddable":true,"href":"https:\/\/linitiative.ca\/International\/wp-json\/wp\/v2\/categories?post=33302"},{"taxonomy":"post_tag","embeddable":true,"href":"https:\/\/linitiative.ca\/International\/wp-json\/wp\/v2\/tags?post=33302"}],"curies":[{"name":"wp","href":"https:\/\/api.w.org\/{rel}","templated":true}]}}