{"id":33304,"date":"2019-05-09T10:54:33","date_gmt":"2019-05-09T14:54:33","guid":{"rendered":"https:\/\/linitiative.ca\/International\/marrakech-quelque-6-900-beneficiaires-de-loperation-ramadan-1440\/"},"modified":"2019-05-09T10:54:33","modified_gmt":"2019-05-09T14:54:33","slug":"marrakech-quelque-6-900-beneficiaires-de-loperation-ramadan-1440","status":"publish","type":"post","link":"https:\/\/linitiative.ca\/International\/marrakech-quelque-6-900-beneficiaires-de-loperation-ramadan-1440\/","title":{"rendered":"Marrakech: Quelque 6.900 b\u00e9n\u00e9ficiaires de l\u2019op\u00e9ration \u00ab\u00a0Ramadan 1440\u00a0\u00bb"},"content":{"rendered":"<div readability=\"33\">\n<p>Marrakech \u2013 Quelque 6.900 m\u00e9nages issus de milieux d\u00e9favoris\u00e9s b\u00e9n\u00e9ficieront de l\u2019op\u00e9ration de soutien alimentaire \u00ab\u00a0Ramadan 1440\u00a0\u00bb au niveau de la pr\u00e9fecture de Marrakech.<\/p>\n<\/div>\n<div readability=\"114\">\n<p>Cette op\u00e9ration a \u00e9t\u00e9 lanc\u00e9e jeudi, au niveau de la pr\u00e9fecture de Marrakech, en pr\u00e9sence du wali de la r\u00e9gion Marrakech-Safi, gouverneur de la pr\u00e9fecture de Marrakech, Karim Kassi-Lahlou, du pr\u00e9sident du conseil local des Oul\u00e9ma et les membres du comit\u00e9 provincial charg\u00e9 de cette op\u00e9ration.<\/p>\n<p>Au niveau de la pr\u00e9fecture de Marrakech, cette op\u00e9ration a profit\u00e9 \u00e0 1.300 m\u00e9nages en milieu urbain r\u00e9partis sur 600 m\u00e9nages \u00e0 Sidi Youssef Ben Ali, 500 \u00e0 l\u2019ancienne m\u00e9dina et 200 m\u00e9nages dans l\u2019arrondissement M\u00e9nara, ainsi qu\u2019\u00e0 5.600 m\u00e9nages en milieu rural, r\u00e9partis sur 400 m\u00e9nages au ca\u00efdat Oudaya, 400 au ca\u00efdat Souihla, 800 au ca\u00efdat Tasseltant, 800 au ca\u00efdat Sa\u00e2da, 245 au ca\u00efdat Ait Immour, 280 \u00e0 Ca\u00efdat Agafay, 275 \u00e0 Ca\u00efdat Sidi Zouine, 300 \u00e0 Ca\u00efdat El Bour, 300 \u00e0 ca\u00efdat Harbil, 200 \u00e0 ca\u00efdat Ouahat Sidi Brahim, 400 \u00e0 ca\u00efdat\u00a0Oulad Hassoune, 400 \u00e0 ca\u00efdat El Ouidane et 800 \u00e0 ca\u00efdat Ouled Dlim.<\/p>\n<p>Les b\u00e9n\u00e9ficiaires ont re\u00e7u un panier de denr\u00e9es alimentaires contenant 10 kg de farine, 4 kg de sucre, 250 g de th\u00e9, 5 litres d\u2019huile, 1 kg de lentilles, 1 kg de concentr\u00e9 de tomates et 1 kg de p\u00e2tes.<\/p>\n<p>A rappeler qu\u2019un comit\u00e9 provincial a \u00e9t\u00e9 mis en place dans le but d\u2019identifier les b\u00e9n\u00e9ficiaires de l\u2019op\u00e9ration de soutien alimentaire \u00ab\u00a0Ramadan 1440\u00a0\u00bb au niveau de la pr\u00e9fecture de Marrakech.<\/p>\n<p>Initi\u00e9e par la Fondation Mohammed V pour la Solidarit\u00e9 \u00e0 l\u2019occasion du mois sacr\u00e9 de Ramadan, cette action de g\u00e9n\u00e9rosit\u00e9, hautement significative en ce mois b\u00e9ni, traduit la Sollicitude Royale constante envers les personnes d\u00e9munies et vient consacrer les valeurs d\u2019humanit\u00e9, de solidarit\u00e9, d\u2019entraide et de partage caract\u00e9ristiques de la soci\u00e9t\u00e9 marocaine.<\/p>\n<p>Mobilisant une enveloppe budg\u00e9taire de 70,242 millions de dirhams, l\u2019op\u00e9ration \u00ab\u00a0Ramadan 1440\u00a0\u00bb b\u00e9n\u00e9ficiera cette ann\u00e9e \u00e0 plus de 2,5 millions de personnes au niveau national, \u00e9tablies dans 83 provinces et pr\u00e9fectures du Royaume et regroup\u00e9es au sein de 500.300 m\u00e9nages, dont 402.238 vivent en milieu rural.<\/p>\n<p>Organis\u00e9e avec le soutien des minist\u00e8res de l\u2019Int\u00e9rieur (Direction G\u00e9n\u00e9rale des Collectivit\u00e9s Locales) et des Habous et des Affaires islamiques, cette op\u00e9ration nationale, qui est \u00e0 sa 20\u00e8me \u00e9dition, est devenue au fil du temps un rendez-vous annuel visant \u00e0 apporter aide et r\u00e9confort aux cat\u00e9gories sociales les plus vuln\u00e9rables, notamment les veuves, les personnes \u00e2g\u00e9es et les personnes en situation de handicap.<\/p>\n<p>Elle s\u2019inscrit en droite ligne du programme humanitaire men\u00e9 par la Fondation Mohammed V pour la Solidarit\u00e9 et ayant pour objectif d\u2019apporter soutien aux personnes qui en ont le plus besoin, tout en valorisant la culture de solidarit\u00e9.<\/p>\n<p>L\u2019op\u00e9ration \u00ab\u00a0Ramadan 1440\u00a0\u00bb vient ainsi s\u2019ajouter aux diff\u00e9rentes actions et initiatives humanitaires entreprises par Sa Majest\u00e9 le Roi Mohammed VI dans le but de promouvoir la culture de solidarit\u00e9 et d\u2019assurer un d\u00e9veloppement humain durable, en conformit\u00e9 avec les valeurs et pr\u00e9ceptes de l\u2019Islam.<\/p>\n<\/div>\n<p>Auteur: Meriem IGASS<br \/>\n<a href=\"http:\/\/www.mapmarrakech.ma\/fr\/marrakech-quelque-6-900-beneficiaires-de-loperation-de-soutien-alimentaire-ramadan-1440\/\">Cliquez ici pour lire l&rsquo;article depuis sa source.<\/a><\/p>\n","protected":false},"excerpt":{"rendered":"<p>Marrakech \u2013 Quelque 6.900 m\u00e9nages issus de milieux d\u00e9favoris\u00e9s b\u00e9n\u00e9ficieront de l\u2019op\u00e9ration de soutien alimentaire \u00ab\u00a0Ramadan 1440\u00a0\u00bb au niveau de la pr\u00e9fecture de Marrakech. Cette op\u00e9ration a \u00e9t\u00e9 lanc\u00e9e jeudi, au niveau de la pr\u00e9fecture de Marrakech, en pr\u00e9sence du wali de la r\u00e9gion Marrakech-Safi, gouverneur de la pr\u00e9fecture de Marrakech, Karim Kassi-Lahlou, du pr\u00e9sident [&hellip;]<\/p>\n","protected":false},"author":1788,"featured_media":0,"comment_status":"closed","ping_status":"closed","sticky":false,"template":"","format":"standard","meta":{"fifu_image_url":"","fifu_image_alt":"","footnotes":""},"categories":[54,76],"tags":[],"class_list":["post-33304","post","type-post","status-publish","format-standard","hentry","category-maroc","category-regions"],"_links":{"self":[{"href":"https:\/\/linitiative.ca\/International\/wp-json\/wp\/v2\/posts\/33304","targetHints":{"allow":["GET"]}}],"collection":[{"href":"https:\/\/linitiative.ca\/International\/wp-json\/wp\/v2\/posts"}],"about":[{"href":"https:\/\/linitiative.ca\/International\/wp-json\/wp\/v2\/types\/post"}],"author":[{"embeddable":true,"href":"https:\/\/linitiative.ca\/International\/wp-json\/wp\/v2\/users\/1788"}],"replies":[{"embeddable":true,"href":"https:\/\/linitiative.ca\/International\/wp-json\/wp\/v2\/comments?post=33304"}],"version-history":[{"count":0,"href":"https:\/\/linitiative.ca\/International\/wp-json\/wp\/v2\/posts\/33304\/revisions"}],"wp:attachment":[{"href":"https:\/\/linitiative.ca\/International\/wp-json\/wp\/v2\/media?parent=33304"}],"wp:term":[{"taxonomy":"category","embeddable":true,"href":"https:\/\/linitiative.ca\/International\/wp-json\/wp\/v2\/categories?post=33304"},{"taxonomy":"post_tag","embeddable":true,"href":"https:\/\/linitiative.ca\/International\/wp-json\/wp\/v2\/tags?post=33304"}],"curies":[{"name":"wp","href":"https:\/\/api.w.org\/{rel}","templated":true}]}}