{"id":33305,"date":"2019-05-09T15:13:58","date_gmt":"2019-05-09T19:13:58","guid":{"rendered":"https:\/\/linitiative.ca\/International\/international-mourinho-flingue-lajax-amsterdam\/"},"modified":"2019-05-09T15:13:58","modified_gmt":"2019-05-09T19:13:58","slug":"international-mourinho-flingue-lajax-amsterdam","status":"publish","type":"post","link":"https:\/\/linitiative.ca\/International\/international-mourinho-flingue-lajax-amsterdam\/","title":{"rendered":"International : Mourinho flingue l\u2019Ajax Amsterdam !"},"content":{"rendered":"<div readability=\"32\">\n<p>Auteur : <span class=\"time\">jeudi 09 mai 2019 14:15<\/span><\/p>\n<\/div>\n<div id=\"post_core\" readability=\"40\">\n<p>L\u2019Ajax Amsterdam y a cru. Mais les N\u00e9erlandais sont tomb\u00e9s de tr\u00e8s haut hier. Apr\u00e8s avoir men\u00e9 2 \u00e0 0 rapidement, ils se sont fait rejoindre gr\u00e2ce \u00e0 deux buts de Lucas Moura. Le Br\u00e9silien a crucifi\u00e9 l\u2019Ajax dans le temps additionnel en marquant le but de la victoire et de la qualification en finale de Champions League. Un terrible coup de massue pour les Hollandais. En plateau sur beIN Sport, Jos\u00e9 Mourinho a \u00e9t\u00e9 invit\u00e9 \u00e0 livr\u00e9 son analyse sur cette nouvelle remontada. Et le Special One ne s\u2019est pas priv\u00e9 pour envoyer un gros tacle \u00e0 l\u2019Ajax. \u00ab Ils (l\u2019Ajax Amsterdam) ont disput\u00e9 ce match en seconde p\u00e9riode comme s\u2019ils affrontaient&#8230;le Vitesse (Arnhem) en Eredivisie ! Ils ont jou\u00e9 encore comme si c\u2019\u00e9tait la phase de groupes ou un autre match de leur propre championnat. En ce moment, je ne pense pas qu\u2019ils arrivent \u00e0 r\u00e9aliser ce qu\u2019il vient de se passer. Ensuite, Tottenham a chang\u00e9 (de syst\u00e8me) et ils ont vraiment tr\u00e8s bien utilis\u00e9 le jeu direct. Ils ont eu la chance d\u2019avoir les dieux du football avec eux, mais ils ont aussi provoqu\u00e9 cette r\u00e9ussite.\u00bbrapporte FootMercato.<\/p>\n<p><strong>Publi\u00e9 dans :<\/strong> <span>mourinho<\/span><\/p>\n<\/div>\n<p>Auteur:<br \/>\n<a href=\"http:\/\/www.lebuteur.com\/article\/detail?titre=mourinho-flingue-lajax-amsterdam&#038;id=88651&#038;utm_source=feedburner&#038;utm_medium=feed&#038;utm_campaign=Feed%3A+GalerieFArtciles+%28Les+derniers+articles++-+lebuteur.com%29\">Cliquez ici pour lire l&rsquo;article depuis sa source.<\/a><\/p>\n","protected":false},"excerpt":{"rendered":"<p>Auteur : jeudi 09 mai 2019 14:15 L\u2019Ajax Amsterdam y a cru. Mais les N\u00e9erlandais sont tomb\u00e9s de tr\u00e8s haut hier. Apr\u00e8s avoir men\u00e9 2 \u00e0 0 rapidement, ils se sont fait rejoindre gr\u00e2ce \u00e0 deux buts de Lucas Moura. Le Br\u00e9silien a crucifi\u00e9 l\u2019Ajax dans le temps additionnel en marquant le but de la [&hellip;]<\/p>\n","protected":false},"author":1738,"featured_media":33306,"comment_status":"closed","ping_status":"closed","sticky":false,"template":"","format":"standard","meta":{"fifu_image_url":"","fifu_image_alt":"","footnotes":""},"categories":[53,75],"tags":[],"class_list":["post-33305","post","type-post","status-publish","format-standard","has-post-thumbnail","hentry","category-algerie","category-sport"],"_links":{"self":[{"href":"https:\/\/linitiative.ca\/International\/wp-json\/wp\/v2\/posts\/33305","targetHints":{"allow":["GET"]}}],"collection":[{"href":"https:\/\/linitiative.ca\/International\/wp-json\/wp\/v2\/posts"}],"about":[{"href":"https:\/\/linitiative.ca\/International\/wp-json\/wp\/v2\/types\/post"}],"author":[{"embeddable":true,"href":"https:\/\/linitiative.ca\/International\/wp-json\/wp\/v2\/users\/1738"}],"replies":[{"embeddable":true,"href":"https:\/\/linitiative.ca\/International\/wp-json\/wp\/v2\/comments?post=33305"}],"version-history":[{"count":0,"href":"https:\/\/linitiative.ca\/International\/wp-json\/wp\/v2\/posts\/33305\/revisions"}],"wp:featuredmedia":[{"embeddable":true,"href":"https:\/\/linitiative.ca\/International\/wp-json\/"}],"wp:attachment":[{"href":"https:\/\/linitiative.ca\/International\/wp-json\/wp\/v2\/media?parent=33305"}],"wp:term":[{"taxonomy":"category","embeddable":true,"href":"https:\/\/linitiative.ca\/International\/wp-json\/wp\/v2\/categories?post=33305"},{"taxonomy":"post_tag","embeddable":true,"href":"https:\/\/linitiative.ca\/International\/wp-json\/wp\/v2\/tags?post=33305"}],"curies":[{"name":"wp","href":"https:\/\/api.w.org\/{rel}","templated":true}]}}