{"id":33307,"date":"2019-05-09T15:13:59","date_gmt":"2019-05-09T19:13:59","guid":{"rendered":"https:\/\/linitiative.ca\/International\/ligue-des-champions-ajax-ziyech-presente-ses-excuses\/"},"modified":"2019-05-09T15:13:59","modified_gmt":"2019-05-09T19:13:59","slug":"ligue-des-champions-ajax-ziyech-presente-ses-excuses","status":"publish","type":"post","link":"https:\/\/linitiative.ca\/International\/ligue-des-champions-ajax-ziyech-presente-ses-excuses\/","title":{"rendered":"Ligue des Champions : Ajax : Ziyech pr\u00e9sente ses excuses"},"content":{"rendered":"<div readability=\"32\">\n<p>Auteur : <span class=\"time\">jeudi 09 mai 2019 16:30<\/span><\/p>\n<\/div>\n<div id=\"post_core\" readability=\"43\">\n<p>Alors que tout a souri \u00e0 l\u2019Ajax Amsterdam face au Real Madrid et la Juventus lors des tours pr\u00e9c\u00e9dents, cette fois le club hollandais est pass\u00e9 du rire aux larmes lors d\u2019une rencontre historique et renversante. Buteur et h\u00e9ros de la premi\u00e8re mi-temps (2-0), Hakim Ziyech a ensuite rat\u00e9 plusieurs occasions en seconde p\u00e9riode et n\u2019a pas r\u00e9ussi \u00e0 offrir la qualification \u00e0 son \u00e9quipe, battue par Tottenham\u00a0sur un tripl\u00e9 de Lucas (2-3). Apr\u00e8s la rencontre, l\u2019international marocain \u00e9tait \u00e9videmment totalement abattu en se pr\u00e9sentant devant les m\u00e9dias. Le superbe gaucher s\u2019en veut et mais a assum\u00e9 ses responsabilit\u00e9s au moment de prendre la parole \u00e0 chaud : \u00ab\u00a0J\u2019aurais certainement d\u00fb marquer plus. Cette balle a touch\u00e9 le poteau, mais j\u2019ai eu encore plus d\u2019occasions. C\u2019est \u00e9videmment de ma faute, je m\u2019en veux. C\u2019est un coup dur\u00a0\u00bb a-t-il avou\u00e9 au micro de Veronica. \u00ab\u00a0Nous ne jouions pas de mani\u00e8re optimale et nous pourrions peut-\u00eatre marquer des buts plus facilement. Mais nous nous sommes battus et \u00e7a fait mal quand ce troisi\u00e8me but arrive si tard\u00a0\u00bb a ensuite poursuivi le joueur de 26 ans rapporte Les-Transferts.<\/p>\n<p><strong>Publi\u00e9 dans :<\/strong> <span>Ajax<\/span> <span>Ziyech<\/span><\/p>\n<\/div>\n<p>Auteur:<br \/>\n<a href=\"http:\/\/www.lebuteur.com\/article\/detail?titre=ajax-ziyech-presente-ses-excuses&#038;id=88652&#038;utm_source=feedburner&#038;utm_medium=feed&#038;utm_campaign=Feed%3A+GalerieFArtciles+%28Les+derniers+articles++-+lebuteur.com%29\">Cliquez ici pour lire l&rsquo;article depuis sa source.<\/a><\/p>\n","protected":false},"excerpt":{"rendered":"<p>Auteur : jeudi 09 mai 2019 16:30 Alors que tout a souri \u00e0 l\u2019Ajax Amsterdam face au Real Madrid et la Juventus lors des tours pr\u00e9c\u00e9dents, cette fois le club hollandais est pass\u00e9 du rire aux larmes lors d\u2019une rencontre historique et renversante. Buteur et h\u00e9ros de la premi\u00e8re mi-temps (2-0), Hakim Ziyech a ensuite [&hellip;]<\/p>\n","protected":false},"author":1738,"featured_media":33308,"comment_status":"closed","ping_status":"closed","sticky":false,"template":"","format":"standard","meta":{"fifu_image_url":"","fifu_image_alt":"","footnotes":""},"categories":[53,75],"tags":[],"class_list":["post-33307","post","type-post","status-publish","format-standard","has-post-thumbnail","hentry","category-algerie","category-sport"],"_links":{"self":[{"href":"https:\/\/linitiative.ca\/International\/wp-json\/wp\/v2\/posts\/33307","targetHints":{"allow":["GET"]}}],"collection":[{"href":"https:\/\/linitiative.ca\/International\/wp-json\/wp\/v2\/posts"}],"about":[{"href":"https:\/\/linitiative.ca\/International\/wp-json\/wp\/v2\/types\/post"}],"author":[{"embeddable":true,"href":"https:\/\/linitiative.ca\/International\/wp-json\/wp\/v2\/users\/1738"}],"replies":[{"embeddable":true,"href":"https:\/\/linitiative.ca\/International\/wp-json\/wp\/v2\/comments?post=33307"}],"version-history":[{"count":0,"href":"https:\/\/linitiative.ca\/International\/wp-json\/wp\/v2\/posts\/33307\/revisions"}],"wp:featuredmedia":[{"embeddable":true,"href":"https:\/\/linitiative.ca\/International\/wp-json\/"}],"wp:attachment":[{"href":"https:\/\/linitiative.ca\/International\/wp-json\/wp\/v2\/media?parent=33307"}],"wp:term":[{"taxonomy":"category","embeddable":true,"href":"https:\/\/linitiative.ca\/International\/wp-json\/wp\/v2\/categories?post=33307"},{"taxonomy":"post_tag","embeddable":true,"href":"https:\/\/linitiative.ca\/International\/wp-json\/wp\/v2\/tags?post=33307"}],"curies":[{"name":"wp","href":"https:\/\/api.w.org\/{rel}","templated":true}]}}