{"id":33309,"date":"2019-05-09T15:14:01","date_gmt":"2019-05-09T19:14:01","guid":{"rendered":"https:\/\/linitiative.ca\/International\/international-man-utd-alexis-sanchez-cible-par-un-cador-de-serie-a\/"},"modified":"2019-05-09T15:14:01","modified_gmt":"2019-05-09T19:14:01","slug":"international-man-utd-alexis-sanchez-cible-par-un-cador-de-serie-a","status":"publish","type":"post","link":"https:\/\/linitiative.ca\/International\/international-man-utd-alexis-sanchez-cible-par-un-cador-de-serie-a\/","title":{"rendered":"International : Man Utd : Alexis Sanchez cibl\u00e9 par un cador de Serie A"},"content":{"rendered":"<div readability=\"32\">\n<p>Auteur : <span class=\"time\">jeudi 09 mai 2019 17:30<\/span><\/p>\n<\/div>\n<div id=\"post_core\" readability=\"44\">\n<p>Selon La Gazzetta dello Sport et Maxifoot, l&rsquo;Inter Milan est pr\u00eat \u00e0 relancer l&rsquo;ailier chilien et en fait l&rsquo;une de ses priorit\u00e9s du prochain mercato.<\/p>\n<p>Probl\u00e8me, et non des moindres, le club italien n&rsquo;est pas dispos\u00e9 \u00e0 lui verser le salaire \u00e9norme qu&rsquo;il per\u00e7oit en Angleterre. Sans un effort colossal de l&rsquo;ancien Barcelonais, ou une prise en charge de son salaire par MU dans le cadre d&rsquo;un pr\u00eat, l&rsquo;affaire s&rsquo;annonce compliqu\u00e9e&#8230;<\/p>\n<p><strong>Publi\u00e9 dans :<\/strong> <span>Inter<\/span> <span>Man Utd<\/span> <span>Sanchez<\/span><\/p>\n<\/div>\n<p>Auteur:<br \/>\n<a href=\"http:\/\/www.lebuteur.com\/article\/detail?titre=man-utd-alexis-sanchez-cible-par-un-cador-de-serie-a&#038;id=88653&#038;utm_source=feedburner&#038;utm_medium=feed&#038;utm_campaign=Feed%3A+GalerieFArtciles+%28Les+derniers+articles++-+lebuteur.com%29\">Cliquez ici pour lire l&rsquo;article depuis sa source.<\/a><\/p>\n","protected":false},"excerpt":{"rendered":"<p>Auteur : jeudi 09 mai 2019 17:30 Selon La Gazzetta dello Sport et Maxifoot, l&rsquo;Inter Milan est pr\u00eat \u00e0 relancer l&rsquo;ailier chilien et en fait l&rsquo;une de ses priorit\u00e9s du prochain mercato. Probl\u00e8me, et non des moindres, le club italien n&rsquo;est pas dispos\u00e9 \u00e0 lui verser le salaire \u00e9norme qu&rsquo;il per\u00e7oit en Angleterre. Sans un [&hellip;]<\/p>\n","protected":false},"author":1738,"featured_media":33310,"comment_status":"closed","ping_status":"closed","sticky":false,"template":"","format":"standard","meta":{"fifu_image_url":"","fifu_image_alt":"","footnotes":""},"categories":[53,75],"tags":[],"class_list":["post-33309","post","type-post","status-publish","format-standard","has-post-thumbnail","hentry","category-algerie","category-sport"],"_links":{"self":[{"href":"https:\/\/linitiative.ca\/International\/wp-json\/wp\/v2\/posts\/33309","targetHints":{"allow":["GET"]}}],"collection":[{"href":"https:\/\/linitiative.ca\/International\/wp-json\/wp\/v2\/posts"}],"about":[{"href":"https:\/\/linitiative.ca\/International\/wp-json\/wp\/v2\/types\/post"}],"author":[{"embeddable":true,"href":"https:\/\/linitiative.ca\/International\/wp-json\/wp\/v2\/users\/1738"}],"replies":[{"embeddable":true,"href":"https:\/\/linitiative.ca\/International\/wp-json\/wp\/v2\/comments?post=33309"}],"version-history":[{"count":0,"href":"https:\/\/linitiative.ca\/International\/wp-json\/wp\/v2\/posts\/33309\/revisions"}],"wp:featuredmedia":[{"embeddable":true,"href":"https:\/\/linitiative.ca\/International\/wp-json\/"}],"wp:attachment":[{"href":"https:\/\/linitiative.ca\/International\/wp-json\/wp\/v2\/media?parent=33309"}],"wp:term":[{"taxonomy":"category","embeddable":true,"href":"https:\/\/linitiative.ca\/International\/wp-json\/wp\/v2\/categories?post=33309"},{"taxonomy":"post_tag","embeddable":true,"href":"https:\/\/linitiative.ca\/International\/wp-json\/wp\/v2\/tags?post=33309"}],"curies":[{"name":"wp","href":"https:\/\/api.w.org\/{rel}","templated":true}]}}