{"id":33315,"date":"2019-05-09T15:14:07","date_gmt":"2019-05-09T19:14:07","guid":{"rendered":"https:\/\/linitiative.ca\/International\/pros-le-celta-a-pris-une-decision-importante-pour-boudebouz\/"},"modified":"2019-05-09T15:14:07","modified_gmt":"2019-05-09T19:14:07","slug":"pros-le-celta-a-pris-une-decision-importante-pour-boudebouz","status":"publish","type":"post","link":"https:\/\/linitiative.ca\/International\/pros-le-celta-a-pris-une-decision-importante-pour-boudebouz\/","title":{"rendered":"Pros : Le Celta a pris une d\u00e9cision importante pour Boudebouz"},"content":{"rendered":"<div readability=\"32\">\n<p>Auteur : <span class=\"time\">jeudi 09 mai 2019 18:50<\/span><\/p>\n<\/div>\n<div id=\"post_core\" readability=\"39\">\n<p>Selon la presse espagnole, la direction du Celta Vigo aurait d\u00e9cid\u00e9 de lever l\u2019option d\u2019achat pour son joueur alg\u00e9rien, Ryad Boudebouz. Le meneur de jeu Alg\u00e9rien \u00e9volue au Celta \u00e0 titre de pr\u00eat en provenance du Real B\u00e9tis. Toutefois, la direction du Celta esp\u00e8re revoir \u00e0 la baisse le prix de cette option fix\u00e9e \u00e0 8 millions d\u2019euros. Toujours d\u2019apr\u00e8s la presse espagnole, les responsables du Celta Vigo veulent payer cinq millions d\u2019euros pour s\u2019attacher d\u00e9finitivement les services de l\u2019ancien joueur de l\u2019EN.<\/p>\n<p><strong>Publi\u00e9 dans :<\/strong> <span>boudebouz<\/span><\/p>\n<\/div>\n<p>Auteur:<br \/>\n<a href=\"http:\/\/www.lebuteur.com\/article\/detail?titre=le-celta-a-pris-une-decision-importante-pour-boudebouz&#038;id=88664&#038;utm_source=feedburner&#038;utm_medium=feed&#038;utm_campaign=Feed%3A+GalerieFArtciles+%28Les+derniers+articles++-+lebuteur.com%29\">Cliquez ici pour lire l&rsquo;article depuis sa source.<\/a><\/p>\n","protected":false},"excerpt":{"rendered":"<p>Auteur : jeudi 09 mai 2019 18:50 Selon la presse espagnole, la direction du Celta Vigo aurait d\u00e9cid\u00e9 de lever l\u2019option d\u2019achat pour son joueur alg\u00e9rien, Ryad Boudebouz. Le meneur de jeu Alg\u00e9rien \u00e9volue au Celta \u00e0 titre de pr\u00eat en provenance du Real B\u00e9tis. Toutefois, la direction du Celta esp\u00e8re revoir \u00e0 la baisse [&hellip;]<\/p>\n","protected":false},"author":1738,"featured_media":33316,"comment_status":"closed","ping_status":"closed","sticky":false,"template":"","format":"standard","meta":{"fifu_image_url":"","fifu_image_alt":"","footnotes":""},"categories":[53,75],"tags":[],"class_list":["post-33315","post","type-post","status-publish","format-standard","has-post-thumbnail","hentry","category-algerie","category-sport"],"_links":{"self":[{"href":"https:\/\/linitiative.ca\/International\/wp-json\/wp\/v2\/posts\/33315","targetHints":{"allow":["GET"]}}],"collection":[{"href":"https:\/\/linitiative.ca\/International\/wp-json\/wp\/v2\/posts"}],"about":[{"href":"https:\/\/linitiative.ca\/International\/wp-json\/wp\/v2\/types\/post"}],"author":[{"embeddable":true,"href":"https:\/\/linitiative.ca\/International\/wp-json\/wp\/v2\/users\/1738"}],"replies":[{"embeddable":true,"href":"https:\/\/linitiative.ca\/International\/wp-json\/wp\/v2\/comments?post=33315"}],"version-history":[{"count":0,"href":"https:\/\/linitiative.ca\/International\/wp-json\/wp\/v2\/posts\/33315\/revisions"}],"wp:featuredmedia":[{"embeddable":true,"href":"https:\/\/linitiative.ca\/International\/wp-json\/"}],"wp:attachment":[{"href":"https:\/\/linitiative.ca\/International\/wp-json\/wp\/v2\/media?parent=33315"}],"wp:term":[{"taxonomy":"category","embeddable":true,"href":"https:\/\/linitiative.ca\/International\/wp-json\/wp\/v2\/categories?post=33315"},{"taxonomy":"post_tag","embeddable":true,"href":"https:\/\/linitiative.ca\/International\/wp-json\/wp\/v2\/tags?post=33315"}],"curies":[{"name":"wp","href":"https:\/\/api.w.org\/{rel}","templated":true}]}}