{"id":33322,"date":"2019-05-09T13:40:26","date_gmt":"2019-05-09T17:40:26","guid":{"rendered":"https:\/\/linitiative.ca\/International\/louisa-hanoune-placee-en-detention-provisoire\/"},"modified":"2019-05-09T13:40:26","modified_gmt":"2019-05-09T17:40:26","slug":"louisa-hanoune-placee-en-detention-provisoire","status":"publish","type":"post","link":"https:\/\/linitiative.ca\/International\/louisa-hanoune-placee-en-detention-provisoire\/","title":{"rendered":"Louisa Hanoune plac\u00e9e en d\u00e9tention provisoire"},"content":{"rendered":"<h4 class=\"title-14\"\/>\n<div class=\"featured_image\"><img width=\"1909\" height=\"1559\" data-cfsrc=\"https:\/\/www.elwatan.com\/wp-content\/uploads\/2019\/05\/hanoune-col-h-lyes.jpg\" class=\"attachment-post-thumbnail size-post-thumbnail wp-post-image c1\" alt=\"\" srcset=\"https:\/\/www.elwatan.com\/wp-content\/uploads\/2019\/05\/hanoune-col-h-lyes.jpg 1909w, https:\/\/www.elwatan.com\/wp-content\/uploads\/2019\/05\/hanoune-col-h-lyes-300x245.jpg 300w, https:\/\/www.elwatan.com\/wp-content\/uploads\/2019\/05\/hanoune-col-h-lyes-768x627.jpg 768w, https:\/\/www.elwatan.com\/wp-content\/uploads\/2019\/05\/hanoune-col-h-lyes-1024x836.jpg 1024w, https:\/\/www.elwatan.com\/wp-content\/uploads\/2019\/05\/hanoune-col-h-lyes-1320x1078.jpg 1320w\" sizes=\"(max-width: 1909px) 100vw, 1909px\"\/><noscript><\/p>\n<p><img loading=\"lazy\" decoding=\"async\" width=\"1909\" height=\"1559\" src=\"https:\/\/www.elwatan.com\/wp-content\/uploads\/2019\/05\/hanoune-col-h-lyes.jpg\" class=\"attachment-post-thumbnail size-post-thumbnail wp-post-image\" alt=\"\" srcset=\"https:\/\/www.elwatan.com\/wp-content\/uploads\/2019\/05\/hanoune-col-h-lyes.jpg 1909w, https:\/\/www.elwatan.com\/wp-content\/uploads\/2019\/05\/hanoune-col-h-lyes-300x245.jpg 300w, https:\/\/www.elwatan.com\/wp-content\/uploads\/2019\/05\/hanoune-col-h-lyes-768x627.jpg 768w, https:\/\/www.elwatan.com\/wp-content\/uploads\/2019\/05\/hanoune-col-h-lyes-1024x836.jpg 1024w, https:\/\/www.elwatan.com\/wp-content\/uploads\/2019\/05\/hanoune-col-h-lyes-1320x1078.jpg 1320w\" sizes=\"auto, (max-width: 1909px) 100vw, 1909px\"\/><\/p>\n<p><\/noscript> <span class=\"featured-image-caption\">Louisa Hanoune, secr\u00e9taire g\u00e9n\u00e9rale du PT (Photo : Ly\u00e8s Hebbache )<\/span><\/div>\n<p>Louisa Hanoune, secr\u00e9taire g\u00e9n\u00e9rale du Parti des travailleurs (PT), a \u00e9t\u00e9 plac\u00e9e jeudi apr\u00e8s-midi en \u201cd\u00e9tention provisoire\u201d par le tribunal militaire de Blida.<\/p>\n<p>Louisa Hanoune a \u00e9t\u00e9 entendue par le juge d\u2019instruction pr\u00e8s le tribunal militaire de Blida dans le cadre de l\u2019affaire Said Bouteflika et les g\u00e9n\u00e9raux Toufik et Tartag. Les trois anciens responsables, plac\u00e9s le 5 mai dernier sous mandat de d\u00e9p\u00f4t, sont accus\u00e9s de \u00ab<a href=\"https:\/\/www.elwatan.com\/edition\/actualite\/said-bouteflika-et-les-generaux-mediene-et-tartag-risquent-la-peine-de-mort-07-05-2019\">complot contre l\u2019autorit\u00e9 de l\u2019Etat et de l\u2019arm\u00e9e<\/a>\u00bb.<\/p>\n<p>La chaine A3 de la t\u00e9l\u00e9vision de l\u2019Etat a \u00a0diffus\u00e9 des images montrant la SG du PT acc\u00e9der au tribunal militaire de Blida.<\/p>\n<p><a href=\"https:\/\/www.elwatan.com\/edition\/actualite\/communique-du-parti-des-travailleurs-09-05-2019\">Dans un communiqu\u00e9<\/a>, le Parti des travailleurs a qualifi\u00e9 la mise en d\u00e9tention de Mme Hanoune de \u201cd\u00e9rive gravissime, un acte de criminalisation de l\u2019action politique ind\u00e9pendante et l\u2019expression d\u2019une volont\u00e9 de mise au pas des militants et activistes par le pouvoir de fait.\u201d<\/p>\n<p><span class=\"post-views-label\">Post Views:<\/span> <span class=\"post-views-count\">2\u00a0489<\/span><\/p>\n<p>Auteur: Mourad Hachid<br \/>\n<a href=\"https:\/\/www.elwatan.com\/edition\/actualite\/louisa-hanoune-placee-en-detention-preventive-09-05-2019\">Cliquez ici pour lire l&rsquo;article depuis sa source.<\/a><\/p>\n","protected":false},"excerpt":{"rendered":"<p>Louisa Hanoune, secr\u00e9taire g\u00e9n\u00e9rale du PT (Photo : Ly\u00e8s Hebbache ) Louisa Hanoune, secr\u00e9taire g\u00e9n\u00e9rale du Parti des travailleurs (PT), a \u00e9t\u00e9 plac\u00e9e jeudi apr\u00e8s-midi en \u201cd\u00e9tention provisoire\u201d par le tribunal militaire de Blida. Louisa Hanoune a \u00e9t\u00e9 entendue par le juge d\u2019instruction pr\u00e8s le tribunal militaire de Blida dans le cadre de l\u2019affaire Said [&hellip;]<\/p>\n","protected":false},"author":1743,"featured_media":33323,"comment_status":"closed","ping_status":"closed","sticky":false,"template":"","format":"standard","meta":{"fifu_image_url":"","fifu_image_alt":"","footnotes":""},"categories":[73,53],"tags":[],"class_list":["post-33322","post","type-post","status-publish","format-standard","has-post-thumbnail","hentry","category-actualite","category-algerie"],"_links":{"self":[{"href":"https:\/\/linitiative.ca\/International\/wp-json\/wp\/v2\/posts\/33322","targetHints":{"allow":["GET"]}}],"collection":[{"href":"https:\/\/linitiative.ca\/International\/wp-json\/wp\/v2\/posts"}],"about":[{"href":"https:\/\/linitiative.ca\/International\/wp-json\/wp\/v2\/types\/post"}],"author":[{"embeddable":true,"href":"https:\/\/linitiative.ca\/International\/wp-json\/wp\/v2\/users\/1743"}],"replies":[{"embeddable":true,"href":"https:\/\/linitiative.ca\/International\/wp-json\/wp\/v2\/comments?post=33322"}],"version-history":[{"count":0,"href":"https:\/\/linitiative.ca\/International\/wp-json\/wp\/v2\/posts\/33322\/revisions"}],"wp:featuredmedia":[{"embeddable":true,"href":"https:\/\/linitiative.ca\/International\/wp-json\/"}],"wp:attachment":[{"href":"https:\/\/linitiative.ca\/International\/wp-json\/wp\/v2\/media?parent=33322"}],"wp:term":[{"taxonomy":"category","embeddable":true,"href":"https:\/\/linitiative.ca\/International\/wp-json\/wp\/v2\/categories?post=33322"},{"taxonomy":"post_tag","embeddable":true,"href":"https:\/\/linitiative.ca\/International\/wp-json\/wp\/v2\/tags?post=33322"}],"curies":[{"name":"wp","href":"https:\/\/api.w.org\/{rel}","templated":true}]}}