{"id":33324,"date":"2019-05-09T09:40:00","date_gmt":"2019-05-09T13:40:00","guid":{"rendered":"https:\/\/linitiative.ca\/International\/le-cri-dalarme-des-tunisiens-de-la-diaspora-rien-na-ete-fait-pour-le-bon-deroulement-des-prochaines-elections-a-letranger-video\/"},"modified":"2019-05-09T09:40:00","modified_gmt":"2019-05-09T13:40:00","slug":"le-cri-dalarme-des-tunisiens-de-la-diaspora-rien-na-ete-fait-pour-le-bon-deroulement-des-prochaines-elections-a-letranger-video","status":"publish","type":"post","link":"https:\/\/linitiative.ca\/International\/le-cri-dalarme-des-tunisiens-de-la-diaspora-rien-na-ete-fait-pour-le-bon-deroulement-des-prochaines-elections-a-letranger-video\/","title":{"rendered":"Le cri d&rsquo;alarme des Tunisiens de la diaspora : rien n&rsquo;a \u00e9t\u00e9 fait pour le bon d\u00e9roulement  des prochaines \u00e9lections \u00e0 l&rsquo;\u00e9tranger (Vid\u00e9o)"},"content":{"rendered":"<p><span class=\"c2\">A quelques mois des \u00e9lections, Hella Ben Youssef vice-pr\u00e9sidente d&rsquo;Ettakattol nous a fait part de ce cri d&rsquo;alarme des Tunisiens de l&rsquo;\u00e9tranger :<\/span><\/p>\n<p>\u00abaucune des pr\u00e9dispositions relatives au bon d\u00e9roulement des futures \u00e9lections l\u00e9gislatives et pr\u00e9sidentielles n\u2019a encore \u00e9t\u00e9 initi\u00e9e. Interrog\u00e9s, les Consulats et leur antennes en France indiquent ne pas avoir re\u00e7u, \u00e0 ce jour, d\u2019instructions pr\u00e9cises quant aux modalit\u00e9s d\u2019inscription sur les liste \u00e9lectorales, les lieux de d\u00e9marche et la plage de dur\u00e9e effective pour ces inscriptions, ainsi que la confirmation pour les inscrits de leur bureau de vote.<\/p>\n<p class=\"c3\"><iframe loading=\"lazy\" src=\"https:\/\/www.youtube.com\/embed\/gV2Kuhn_l2w\" allow=\"accelerometer; autoplay; encrypted-media; gyroscope; picture-in-picture\" allowfullscreen=\"\" width=\"560\" height=\"315\" frameborder=\"0\">[embedded content]<\/iframe><\/p>\n<p>\u00abLes autorit\u00e9s politiques comme administratives ne semblent toujours pas avoir pris conscience des implications dommageables de ces retards. Faut-il rappeler que le taux de participation n\u2019a pas d\u00e9pass\u00e9 34% en 2014 pour l\u2019ensemble du pays et moins de 30% en France. Notre d\u00e9mocratie naissante m\u00e9rite mieux que cela. Les autorit\u00e9s doivent imp\u00e9rativement et dans les d\u00e9lais les plus courts rem\u00e9dier \u00e0 ces manquements inacceptables et proprement indignes.<\/p>\n<p>\u00abLa disponibilit\u00e9 de moyens modernes de communication (SMS, E-mail, R\u00e9seaux Sociaux), ainsi que celle des personnels affect\u00e9s \u00e0 ces t\u00e2ches doit permettre de corriger ces d\u00e9faillances.<br \/>Nous ne pouvons accepter que triomphe, une nouvelle fois (2011, 2014, 2018), l\u2019indiff\u00e9rence et l\u2019abstention par manque de sensibilisation et d\u2019information des citoyens\u00bb.<\/p>\n<p>Auteur:<br \/>\n<a href=\"https:\/\/www.leaders.com.tn\/article\/27082-hella-ben-youssef-ettakatol-les-tunisiens-de-l-etrangers-s-insurgent-et-lancent-une-lettre-ouverte-a-l-isie-et-au-gouvernement\">Cliquez ici pour lire l&rsquo;article depuis sa source.<\/a><\/p>\n","protected":false},"excerpt":{"rendered":"<p>A quelques mois des \u00e9lections, Hella Ben Youssef vice-pr\u00e9sidente d&rsquo;Ettakattol nous a fait part de ce cri d&rsquo;alarme des Tunisiens de l&rsquo;\u00e9tranger : \u00abaucune des pr\u00e9dispositions relatives au bon d\u00e9roulement des futures \u00e9lections l\u00e9gislatives et pr\u00e9sidentielles n\u2019a encore \u00e9t\u00e9 initi\u00e9e. Interrog\u00e9s, les Consulats et leur antennes en France indiquent ne pas avoir re\u00e7u, \u00e0 ce [&hellip;]<\/p>\n","protected":false},"author":1772,"featured_media":0,"comment_status":"closed","ping_status":"closed","sticky":false,"template":"","format":"standard","meta":{"fifu_image_url":"","fifu_image_alt":"","footnotes":""},"categories":[73,55],"tags":[],"class_list":["post-33324","post","type-post","status-publish","format-standard","hentry","category-actualite","category-tunisie"],"_links":{"self":[{"href":"https:\/\/linitiative.ca\/International\/wp-json\/wp\/v2\/posts\/33324","targetHints":{"allow":["GET"]}}],"collection":[{"href":"https:\/\/linitiative.ca\/International\/wp-json\/wp\/v2\/posts"}],"about":[{"href":"https:\/\/linitiative.ca\/International\/wp-json\/wp\/v2\/types\/post"}],"author":[{"embeddable":true,"href":"https:\/\/linitiative.ca\/International\/wp-json\/wp\/v2\/users\/1772"}],"replies":[{"embeddable":true,"href":"https:\/\/linitiative.ca\/International\/wp-json\/wp\/v2\/comments?post=33324"}],"version-history":[{"count":0,"href":"https:\/\/linitiative.ca\/International\/wp-json\/wp\/v2\/posts\/33324\/revisions"}],"wp:attachment":[{"href":"https:\/\/linitiative.ca\/International\/wp-json\/wp\/v2\/media?parent=33324"}],"wp:term":[{"taxonomy":"category","embeddable":true,"href":"https:\/\/linitiative.ca\/International\/wp-json\/wp\/v2\/categories?post=33324"},{"taxonomy":"post_tag","embeddable":true,"href":"https:\/\/linitiative.ca\/International\/wp-json\/wp\/v2\/tags?post=33324"}],"curies":[{"name":"wp","href":"https:\/\/api.w.org\/{rel}","templated":true}]}}