{"id":33325,"date":"2019-05-09T09:58:00","date_gmt":"2019-05-09T13:58:00","guid":{"rendered":"https:\/\/linitiative.ca\/International\/qui-est-responsable-de-laffaiblissement-de-letat\/"},"modified":"2019-05-09T09:58:00","modified_gmt":"2019-05-09T13:58:00","slug":"qui-est-responsable-de-laffaiblissement-de-letat","status":"publish","type":"post","link":"https:\/\/linitiative.ca\/International\/qui-est-responsable-de-laffaiblissement-de-letat\/","title":{"rendered":"Qui est responsable de l&rsquo;affaiblissement de l&rsquo;Etat ?"},"content":{"rendered":"<p>S\u2019il est un point sur lequel les Tunisiens sont d\u2019accord, c\u2019est bien la d\u00e9liquescence de l\u2019Etat \u00e0 laquelle nous assistons aujourd&rsquo;hui. Cela saute d\u2019autant plus aux yeux que le contraste est frappant avec la situation pr\u00e9-r\u00e9volution o\u00f9 on avait affaire \u00e0 un Etat qui disposait d&rsquo;un pouvoir absolu, une sorte de monstre, un L\u00e9viathan comme le qualifiait l&rsquo;Anglais Thomas Hobbes qui \u00e9crasait tout sur son passage. Rares sont ceux qui ont la nostalgie de cette p\u00e9riode, mais il faut reconna\u00eetre que nous sommes pass\u00e9s de Charybde en Scylla, d&rsquo;un Etat tout puissant \u00e0 un non Etat. La tentation est grande de pointer du doigt les dirigeants actuels, or ce sont les Tunisiens qui en sont responsables. On a tout simplement confondu d\u00e9mocratie et anarchie. On a tout fait pour affaiblir l&rsquo;Etat par notre incivisme, notre irrespect pour ses repr\u00e9sentants.<\/p>\n<p>La d\u00e9mocratie implique un sens des responsabilit\u00e9s, une discipline librement consentie. Faute de quoi, le pays devient ingouvernable. Et c&rsquo;est le cas. Comment administrer un peuple qui recourt aux gr\u00e8ves \u00e0 tout propos et surtout hors de propos ; qui aspire \u00e0 acc\u00e9der \u00e0 une vie meilleure sans faire le moindre effort pour y arriver; qui ne respecte pas les feux de signalisation ; o\u00f9 les syndicats se conduisent comme les v\u00e9ritables ma\u00eetres du pays ; o\u00f9 on toise les ministres comme le font les d\u00e9put\u00e9s lors ses s\u00e9ances d&rsquo;audition,qui s&rsquo;autoflagelle, s&rsquo;autod\u00e9truit.<\/p>\n<p>On aura beau changer de gouvernement, faire appel aux meilleurs ministres,\u00a0 \u00e0 des prix Nobel qui d\u00e9ploieraient des tr\u00e9sors d&rsquo;imagination pour sortir le pays de l&rsquo;\u00e9tat o\u00f9 il se trouve, il ne r\u00e9ussiront pas \u00e0 \u00e9viter le naufrage collectif.<\/p>\n<p>\u00a0 \u00a0 \u00a0 \u00a0 \u00a0 \u00a0 \u00a0 \u00a0 \u00a0 \u00a0 \u00a0 \u00a0 \u00a0 \u00a0 \u00a0 \u00a0 \u00a0 \u00a0 \u00a0 \u00a0 \u00a0 \u00a0 \u00a0 \u00a0 \u00a0 \u00a0 \u00a0 \u00a0 \u00a0 \u00a0 \u00a0 \u00a0 \u00a0 \u00a0 \u00a0 \u00a0 \u00a0 \u00a0 \u00a0 \u00a0 \u00a0 \u00a0 \u00a0 \u00a0 \u00a0 \u00a0 \u00a0 \u00a0 \u00a0 \u00a0 \u00a0 \u00a0 \u00a0 \u00a0 \u00a0 \u00a0 \u00a0 \u00a0 \u00a0 \u00a0 \u00a0 \u00a0 \u00a0 \u00a0 \u00a0 \u00a0 \u00a0 \u00a0 \u00a0 \u00a0 \u00a0 \u00a0 \u00a0 \u00a0 \u00a0 \u00a0 \u00a0 \u00a0 \u00a0 \u00a0 \u00a0\u00a0\u00a0\u00a0\u00a0\u00a0\u00a0\u00a0\u00a0\u00a0\u00a0 <strong>HB\u00a0<\/strong> \u00a0 \u00a0 \u00a0 \u00a0 \u00a0<\/p>\n<p>Auteur:<br \/>\n<a href=\"https:\/\/www.leaders.com.tn\/article\/27083-qui-est-responsable-de-l-affaiblissement-de-l-etat\">Cliquez ici pour lire l&rsquo;article depuis sa source.<\/a><\/p>\n","protected":false},"excerpt":{"rendered":"<p>S\u2019il est un point sur lequel les Tunisiens sont d\u2019accord, c\u2019est bien la d\u00e9liquescence de l\u2019Etat \u00e0 laquelle nous assistons aujourd&rsquo;hui. Cela saute d\u2019autant plus aux yeux que le contraste est frappant avec la situation pr\u00e9-r\u00e9volution o\u00f9 on avait affaire \u00e0 un Etat qui disposait d&rsquo;un pouvoir absolu, une sorte de monstre, un L\u00e9viathan comme [&hellip;]<\/p>\n","protected":false},"author":1772,"featured_media":0,"comment_status":"closed","ping_status":"closed","sticky":false,"template":"","format":"standard","meta":{"fifu_image_url":"","fifu_image_alt":"","footnotes":""},"categories":[73,55],"tags":[],"class_list":["post-33325","post","type-post","status-publish","format-standard","hentry","category-actualite","category-tunisie"],"_links":{"self":[{"href":"https:\/\/linitiative.ca\/International\/wp-json\/wp\/v2\/posts\/33325","targetHints":{"allow":["GET"]}}],"collection":[{"href":"https:\/\/linitiative.ca\/International\/wp-json\/wp\/v2\/posts"}],"about":[{"href":"https:\/\/linitiative.ca\/International\/wp-json\/wp\/v2\/types\/post"}],"author":[{"embeddable":true,"href":"https:\/\/linitiative.ca\/International\/wp-json\/wp\/v2\/users\/1772"}],"replies":[{"embeddable":true,"href":"https:\/\/linitiative.ca\/International\/wp-json\/wp\/v2\/comments?post=33325"}],"version-history":[{"count":0,"href":"https:\/\/linitiative.ca\/International\/wp-json\/wp\/v2\/posts\/33325\/revisions"}],"wp:attachment":[{"href":"https:\/\/linitiative.ca\/International\/wp-json\/wp\/v2\/media?parent=33325"}],"wp:term":[{"taxonomy":"category","embeddable":true,"href":"https:\/\/linitiative.ca\/International\/wp-json\/wp\/v2\/categories?post=33325"},{"taxonomy":"post_tag","embeddable":true,"href":"https:\/\/linitiative.ca\/International\/wp-json\/wp\/v2\/tags?post=33325"}],"curies":[{"name":"wp","href":"https:\/\/api.w.org\/{rel}","templated":true}]}}