{"id":33330,"date":"2019-05-09T11:38:52","date_gmt":"2019-05-09T15:38:52","guid":{"rendered":"https:\/\/linitiative.ca\/International\/la-nouvelle-charte-un-maillon-fort-de-la-reforme-de-linvestissement\/"},"modified":"2019-05-09T11:38:52","modified_gmt":"2019-05-09T15:38:52","slug":"la-nouvelle-charte-un-maillon-fort-de-la-reforme-de-linvestissement","status":"publish","type":"post","link":"https:\/\/linitiative.ca\/International\/la-nouvelle-charte-un-maillon-fort-de-la-reforme-de-linvestissement\/","title":{"rendered":"La nouvelle charte, un maillon fort de la r\u00e9forme de l\u2019investissement"},"content":{"rendered":"<p class=\"p1\">Tr\u00e8s attendu, le projet de r\u00e9forme de la <strong>Charte d\u2019investissement<\/strong> est l\u2019un des six axes d\u2019un programme d\u2019envergure qui vise \u00e0 assurer un environnement \u00e9conomique favorable \u00e0 l\u2019investissement productif.<span class=\"Apple-converted-space\">\u00a0\u00a0<\/span><\/p>\n<div class=\"c10\"\/>\n<p class=\"p1\"><span class=\"s1\">4<\/span> juillet 2016. Le ministre de l\u2019Industrie, du Commerce, de l\u2019Investissement et de l\u2019Economie num\u00e9rique, Moulay Hafid Elalamy, pr\u00e9sente devant le Souverain un expos\u00e9 sur un nouveau plan de r\u00e9forme de l\u2019investissement. Ce programme d\u2019envergure, qui ambitionne d\u2019assurer un environnement \u00e9conomique favorable \u00e0 l\u2019investissement productif, s\u2019articule autour de six principaux axes, \u00e0 savoir le recalibrage de la charte d\u2019investissement et la red\u00e9finition de son contenu, l\u2019adoption de nouvelles mesures de soutien et d\u2019incitation \u00e0 l\u2019investissement. Il porte \u00e9galement sur la restructuration des organes de promotion de l\u2019investissement, la cr\u00e9ation d\u2019une Direction g\u00e9n\u00e9rale de l\u2019industrie et d\u2019une autre d\u00e9di\u00e9e au commerce et la refonte de la strat\u00e9gie digitale.<\/p>\n<p class=\"p1\">Il faut dire, que c\u2019est en comparant le Maroc aux pays \u00e9mergents qu\u2019il a \u00e9t\u00e9 constat\u00e9 une corr\u00e9lation \u00e9troite entre l\u2019investissement et la croissance. Ce qui a amen\u00e9 le minist\u00e8re de l\u2019Industrie et du Commerce \u00e0 reconsid\u00e9rer la Charte d\u2019Investissement. Adopt\u00e9e en 1995, la premi\u00e8re charte avait accompagn\u00e9 le passage d\u2019un r\u00e9gime d\u2019autorisation pr\u00e9alable aux investissements (li\u00e9 \u00e0 la marocanisation de l\u2019\u00e9conomie) \u00e0 leur promotion. Cette charte n\u2019a depuis jamais \u00e9t\u00e9 revue malgr\u00e9 les intentions affich\u00e9es par les gouvernements successifs.<\/p>\n<p class=\"p2\">Mais depuis<span class=\"Apple-converted-space\">\u00a0<\/span> le lancement du nouveau plan de r\u00e9forme de l\u2019investissement, certains de<span class=\"Apple-converted-space\">\u00a0<\/span> ces chantiers ont \u00e9t\u00e9 boucl\u00e9s, notamment la cr\u00e9ation de l\u2019Agence marocaine de D\u00e9veloppement des Investissements et des Exportations (AMDIE) dans la foul\u00e9e de la fusion de l\u2019AMDI, Maroc Export et l\u2019OFEC, la cr\u00e9ation de l\u2019Agence de d\u00e9veloppement du digital, et la restructuration du minist\u00e8re de tutelle \u00e0 travers la cr\u00e9ation de la Direction G\u00e9n\u00e9rale de l\u2019Industrie et de la Direction G\u00e9n\u00e9rale du Commerce.<\/p>\n<p class=\"p4\"><span class=\"c11\">Un processus complexe<\/span><\/p>\n<p class=\"p5\"><span class=\"s2\">S<\/span>i d\u2019autres chantiers comme la r\u00e9forme des CRI, sont en cours de d\u00e9ploiement, celui tr\u00e8s attendu par le milieu des affaires reste l\u2019actualisation de la charte de l\u2019investissement. Du c\u00f4t\u00e9 du minist\u00e8re de l\u2019Industrie et du commerce, l\u2019on indique ne pas vouloir se pr\u00e9cipiter sur ce dossier, d\u2019autant plus que le Royaume continue \u00e0 attirer les IDE et que l\u2019ancienne charte qui a fait ses preuves n\u2019est pas tout \u00e0 fait mauvaise. <em>\u00ab Il fallait aussi ratisser le plus large possible pour recenser les besoins des op\u00e9rateurs \u00e9conomiques \u00bb<\/em>, explique notre source.<\/p>\n<p class=\"p5\">A noter que la CGEM, le Groupement Professionnel des Banques du Maroc (GPBM), les experts-comptables ou encore plusieurs d\u00e9partements minist\u00e9riels\u2026 ont contribu\u00e9 \u00e0 la d\u00e9finition du contenu de cette nouvelle charte de l\u2019investissement. <em>\u00ab Cela a rendu<span class=\"Apple-converted-space\">\u00a0<\/span> le processus encore plus complexe et plus lourd<\/em> \u00bb, explique-t-on. Il faut dire aussi que du c\u00f4t\u00e9 du gouvernement, la priorit\u00e9 a \u00e9t\u00e9 donn\u00e9e d\u2019abord \u00e0 l\u2019impl\u00e9mentation de la r\u00e9forme des CRI.<\/p>\n<p class=\"p2\">Toujours est-il que la nouvelle charte sera commune \u00e0 l\u2019ensemble des secteurs. Toutes les dispositions offertes aux investisseurs, quel que soit leur secteur d\u2019intervention sont d\u00e9velopp\u00e9es. Les dispositions par secteur y sont \u00e9galement rassembl\u00e9es. Surtout, r\u00e9gionalisation oblige, la charte int\u00e9grera \u00e9galement, dit-on, les dispositions territoriales qui doivent permettre le rattrapage des zones situ\u00e9es \u00e0 l\u2019ext\u00e9rieur de l\u2019axe Casa-Rabat-Tanger.<\/p>\n<div class=\"c18\">\n<fieldset class=\"c17\">\n<legend><strong><span class=\"c12\">Challenge<\/span><span class=\"c13\">news<\/span><\/strong><\/legend>\n<div class=\"c16\">Le meilleur de la r\u00e9daction s\u00e9lectionn\u00e9 par Challenge :<\/p>\n<\/div>\n<\/fieldset>\n<\/div>\n<p>Auteur: Adama Sylla<br \/>\n<a href=\"https:\/\/www.challenge.ma\/la-nouvelle-charte-un-maillon-fort-de-la-reforme-de-linvestissement-108922\/\">Cliquez ici pour lire l&rsquo;article depuis sa source.<\/a><\/p>\n","protected":false},"excerpt":{"rendered":"<p>Tr\u00e8s attendu, le projet de r\u00e9forme de la Charte d\u2019investissement est l\u2019un des six axes d\u2019un programme d\u2019envergure qui vise \u00e0 assurer un environnement \u00e9conomique favorable \u00e0 l\u2019investissement productif.\u00a0\u00a0 4 juillet 2016. Le ministre de l\u2019Industrie, du Commerce, de l\u2019Investissement et de l\u2019Economie num\u00e9rique, Moulay Hafid Elalamy, pr\u00e9sente devant le Souverain un expos\u00e9 sur un [&hellip;]<\/p>\n","protected":false},"author":1787,"featured_media":0,"comment_status":"closed","ping_status":"closed","sticky":false,"template":"","format":"standard","meta":{"fifu_image_url":"","fifu_image_alt":"","footnotes":""},"categories":[78,54],"tags":[],"class_list":["post-33330","post","type-post","status-publish","format-standard","hentry","category-economie","category-maroc"],"_links":{"self":[{"href":"https:\/\/linitiative.ca\/International\/wp-json\/wp\/v2\/posts\/33330","targetHints":{"allow":["GET"]}}],"collection":[{"href":"https:\/\/linitiative.ca\/International\/wp-json\/wp\/v2\/posts"}],"about":[{"href":"https:\/\/linitiative.ca\/International\/wp-json\/wp\/v2\/types\/post"}],"author":[{"embeddable":true,"href":"https:\/\/linitiative.ca\/International\/wp-json\/wp\/v2\/users\/1787"}],"replies":[{"embeddable":true,"href":"https:\/\/linitiative.ca\/International\/wp-json\/wp\/v2\/comments?post=33330"}],"version-history":[{"count":0,"href":"https:\/\/linitiative.ca\/International\/wp-json\/wp\/v2\/posts\/33330\/revisions"}],"wp:attachment":[{"href":"https:\/\/linitiative.ca\/International\/wp-json\/wp\/v2\/media?parent=33330"}],"wp:term":[{"taxonomy":"category","embeddable":true,"href":"https:\/\/linitiative.ca\/International\/wp-json\/wp\/v2\/categories?post=33330"},{"taxonomy":"post_tag","embeddable":true,"href":"https:\/\/linitiative.ca\/International\/wp-json\/wp\/v2\/tags?post=33330"}],"curies":[{"name":"wp","href":"https:\/\/api.w.org\/{rel}","templated":true}]}}