{"id":33332,"date":"2019-05-09T12:16:22","date_gmt":"2019-05-09T16:16:22","guid":{"rendered":"https:\/\/linitiative.ca\/International\/royal-air-maroc-troubles-de-ligne-en-raison-de-la-greve-en-france\/"},"modified":"2019-05-09T12:16:22","modified_gmt":"2019-05-09T16:16:22","slug":"royal-air-maroc-troubles-de-ligne-en-raison-de-la-greve-en-france","status":"publish","type":"post","link":"https:\/\/linitiative.ca\/International\/royal-air-maroc-troubles-de-ligne-en-raison-de-la-greve-en-france\/","title":{"rendered":"Royal Air Maroc : Troubles de ligne en raison de la gr\u00e8ve en France"},"content":{"rendered":"<p>Une <strong>gr\u00e8ve en France<\/strong> de la fonction publique a eu lieu ce jeudi 9 mai, suivie de la majorit\u00e9 des syndicats des contr\u00f4leurs a\u00e9riens. De nombreuses perturbations, annulations et retards sur les vols de cette journ\u00e9e ont \u00e9t\u00e9 enregistr\u00e9s, environ <strong>550 vols sont annul\u00e9s et 75.000 passagers<\/strong> sont affect\u00e9s, selon Airlines for Europe (A4E).<\/p>\n<div class=\"c10\"\/>\n<p>La Direction g\u00e9n\u00e9rale de l\u2019aviation civile (DGAC) a, d\u2019apr\u00e8s plusieurs m\u00e9dias, demand\u00e9 aux compagnies a\u00e9riennes de r\u00e9duire leur programme de vols court-courriers de 30% pour neuf a\u00e9roports\u00a0: Roissy-Charles de Gaulle, Orly, Beauvais, Lyon, Nice, Marseille, Toulouse, Bordeaux et Nantes. Sur le site de chacun de ces a\u00e9roports, il est conseill\u00e9 aux passagers de contacter leur compagnie a\u00e9rienne pour plus d\u2019informations sur leur vol.<\/p>\n<p>Lire aussi: <a href=\"https:\/\/www.challenge.ma\/royal-air-maroc-un-chatbot-whatsapp-pour-mieux-servir-les-clients-107926\/\" target=\"_blank\" rel=\"noopener noreferrer\">Royal Air Maroc : un chatbot Whatsapp pour mieux servir les clients<\/a><\/p>\n<p>La compagnie a\u00e9rienne nationale <strong>Royale Air Maroc<\/strong> a annonc\u00e9 que certains de ses vols ont connu des perturbations au d\u00e9part et \u00e0 destination des a\u00e9roports de Paris, Orly, Lyon, Marseille et Toulouse. Dans un communiqu\u00e9, la compagnie a demand\u00e9 aux passagers de s\u2019assurer si leurs vols \u00e9taient impliqu\u00e9s dans les troubles avant de se rendre \u00e0 l\u2019a\u00e9roport.<\/p>\n<p>A noter que pour plus d\u2019informations, la RAM a invit\u00e9 ses clients \u00e0 appeler son centre d\u2019appels au 0890000800, num\u00e9ro de t\u00e9l\u00e9phone au Maroc, ou \u00e0 son num\u00e9ro \u00e0 l\u2019\u00e9tranger: 212522489797.<\/p>\n<div class=\"c17\">\n<fieldset class=\"c16\">\n<legend><strong><span class=\"c11\">Challenge<\/span><span class=\"c12\">news<\/span><\/strong><\/legend>\n<div class=\"c15\">Le meilleur de la r\u00e9daction s\u00e9lectionn\u00e9 par Challenge :<\/p>\n<\/div>\n<\/fieldset>\n<\/div>\n<p>Auteur: Hajar DARI<br \/>\n<a href=\"https:\/\/www.challenge.ma\/royal-air-maroc-troubles-de-ligne-en-raison-de-la-greve-en-france-108931\/\">Cliquez ici pour lire l&rsquo;article depuis sa source.<\/a><\/p>\n","protected":false},"excerpt":{"rendered":"<p>Une gr\u00e8ve en France de la fonction publique a eu lieu ce jeudi 9 mai, suivie de la majorit\u00e9 des syndicats des contr\u00f4leurs a\u00e9riens. De nombreuses perturbations, annulations et retards sur les vols de cette journ\u00e9e ont \u00e9t\u00e9 enregistr\u00e9s, environ 550 vols sont annul\u00e9s et 75.000 passagers sont affect\u00e9s, selon Airlines for Europe (A4E). La [&hellip;]<\/p>\n","protected":false},"author":1787,"featured_media":0,"comment_status":"closed","ping_status":"closed","sticky":false,"template":"","format":"standard","meta":{"fifu_image_url":"","fifu_image_alt":"","footnotes":""},"categories":[78,54],"tags":[],"class_list":["post-33332","post","type-post","status-publish","format-standard","hentry","category-economie","category-maroc"],"_links":{"self":[{"href":"https:\/\/linitiative.ca\/International\/wp-json\/wp\/v2\/posts\/33332","targetHints":{"allow":["GET"]}}],"collection":[{"href":"https:\/\/linitiative.ca\/International\/wp-json\/wp\/v2\/posts"}],"about":[{"href":"https:\/\/linitiative.ca\/International\/wp-json\/wp\/v2\/types\/post"}],"author":[{"embeddable":true,"href":"https:\/\/linitiative.ca\/International\/wp-json\/wp\/v2\/users\/1787"}],"replies":[{"embeddable":true,"href":"https:\/\/linitiative.ca\/International\/wp-json\/wp\/v2\/comments?post=33332"}],"version-history":[{"count":0,"href":"https:\/\/linitiative.ca\/International\/wp-json\/wp\/v2\/posts\/33332\/revisions"}],"wp:attachment":[{"href":"https:\/\/linitiative.ca\/International\/wp-json\/wp\/v2\/media?parent=33332"}],"wp:term":[{"taxonomy":"category","embeddable":true,"href":"https:\/\/linitiative.ca\/International\/wp-json\/wp\/v2\/categories?post=33332"},{"taxonomy":"post_tag","embeddable":true,"href":"https:\/\/linitiative.ca\/International\/wp-json\/wp\/v2\/tags?post=33332"}],"curies":[{"name":"wp","href":"https:\/\/api.w.org\/{rel}","templated":true}]}}