{"id":33333,"date":"2019-05-09T12:19:51","date_gmt":"2019-05-09T16:19:51","guid":{"rendered":"https:\/\/linitiative.ca\/International\/tunisie-enfidha-des-sit-inneurs-bloquant-la-cimenterie-evacues-manu-militari\/"},"modified":"2019-05-09T12:19:51","modified_gmt":"2019-05-09T16:19:51","slug":"tunisie-enfidha-des-sit-inneurs-bloquant-la-cimenterie-evacues-manu-militari","status":"publish","type":"post","link":"https:\/\/linitiative.ca\/International\/tunisie-enfidha-des-sit-inneurs-bloquant-la-cimenterie-evacues-manu-militari\/","title":{"rendered":"Tunisie \u2013 Enfidha\u00a0: Des sit-inneurs bloquant la cimenterie \u00e9vacu\u00e9s manu-militari"},"content":{"rendered":"<div class=\"post-cont-in left relative\">\n<p>Les agents de la garde nationale ont d\u00fb recourir \u00e0 la force pour disperser des sit-inneurs qui bloquaient depuis plus de cinq jours, l\u2019acc\u00e8s \u00e0 l\u2019unit\u00e9 de concassage de la cimenterie d\u2019Enfidha, pour r\u00e9clamer du travail.<\/p>\n<p>Les sit-inneurs ont d\u00fb \u00eatre\u00a0dispers\u00e9s par la force pour lib\u00e9rer l\u2019acc\u00e8s des ouvriers et des v\u00e9hicules \u00e0 l\u2019usine.<\/p>\n<div class=\"code-block code-block-1 c3\"><ins class=\"adsbygoogle c2\" data-ad-layout=\"in-article\" data-ad-format=\"fluid\" data-ad-client=\"ca-pub-2102118777505746\" data-ad-slot=\"7301775417\"\/> <\/div>\n<p>Un des protestataires a \u00e9t\u00e9 arr\u00eat\u00e9 et fait l\u2019objet de mandat de d\u00e9p\u00f4t pour entrave \u00e0 la libert\u00e9 du travail, alors que des avis de recherche ont \u00e9t\u00e9 \u00e9mis \u00e0 l\u2019encontre de deux autres individus.<\/p>\n<div class=\"mvp-org-wrap mvp-org-logo\" itemprop=\"publisher\" itemscope=\"\" itemtype=\"https:\/\/schema.org\/Organization\"><img decoding=\"async\" src=\"https:\/\/www.tunisienumerique.com\/wp-content\/uploads\/2017\/02\/logo_tunisie_numerique.png\"\/><\/div>\n<div class=\"mvp-related-posts left relative\">\n<h4 class=\"post-header\"><span class=\"post-header\">Lire aussi<\/span><\/h4>\n<\/div>\n<\/div>\n<p>Auteur: LM<br \/>\n<a href=\"https:\/\/www.tunisienumerique.com\/tunisie-enfidha-des-sit-inneurs-bloquant-la-cimenterie-evacues-manu-militari\/\">Cliquez ici pour lire l&rsquo;article depuis sa source.<\/a><\/p>\n","protected":false},"excerpt":{"rendered":"<p>Les agents de la garde nationale ont d\u00fb recourir \u00e0 la force pour disperser des sit-inneurs qui bloquaient depuis plus de cinq jours, l\u2019acc\u00e8s \u00e0 l\u2019unit\u00e9 de concassage de la cimenterie d\u2019Enfidha, pour r\u00e9clamer du travail. Les sit-inneurs ont d\u00fb \u00eatre\u00a0dispers\u00e9s par la force pour lib\u00e9rer l\u2019acc\u00e8s des ouvriers et des v\u00e9hicules \u00e0 l\u2019usine. Un [&hellip;]<\/p>\n","protected":false},"author":1789,"featured_media":33334,"comment_status":"closed","ping_status":"closed","sticky":false,"template":"","format":"standard","meta":{"fifu_image_url":"","fifu_image_alt":"","footnotes":""},"categories":[73,55],"tags":[],"class_list":["post-33333","post","type-post","status-publish","format-standard","has-post-thumbnail","hentry","category-actualite","category-tunisie"],"_links":{"self":[{"href":"https:\/\/linitiative.ca\/International\/wp-json\/wp\/v2\/posts\/33333","targetHints":{"allow":["GET"]}}],"collection":[{"href":"https:\/\/linitiative.ca\/International\/wp-json\/wp\/v2\/posts"}],"about":[{"href":"https:\/\/linitiative.ca\/International\/wp-json\/wp\/v2\/types\/post"}],"author":[{"embeddable":true,"href":"https:\/\/linitiative.ca\/International\/wp-json\/wp\/v2\/users\/1789"}],"replies":[{"embeddable":true,"href":"https:\/\/linitiative.ca\/International\/wp-json\/wp\/v2\/comments?post=33333"}],"version-history":[{"count":0,"href":"https:\/\/linitiative.ca\/International\/wp-json\/wp\/v2\/posts\/33333\/revisions"}],"wp:featuredmedia":[{"embeddable":true,"href":"https:\/\/linitiative.ca\/International\/wp-json\/"}],"wp:attachment":[{"href":"https:\/\/linitiative.ca\/International\/wp-json\/wp\/v2\/media?parent=33333"}],"wp:term":[{"taxonomy":"category","embeddable":true,"href":"https:\/\/linitiative.ca\/International\/wp-json\/wp\/v2\/categories?post=33333"},{"taxonomy":"post_tag","embeddable":true,"href":"https:\/\/linitiative.ca\/International\/wp-json\/wp\/v2\/tags?post=33333"}],"curies":[{"name":"wp","href":"https:\/\/api.w.org\/{rel}","templated":true}]}}