{"id":33335,"date":"2019-05-09T12:31:51","date_gmt":"2019-05-09T16:31:51","guid":{"rendered":"https:\/\/linitiative.ca\/International\/tunisie-kotti-chahed-doit-sacquitter-du-role-historique-de-regrouper-les-nidaistes\/"},"modified":"2019-05-09T12:31:51","modified_gmt":"2019-05-09T16:31:51","slug":"tunisie-kotti-chahed-doit-sacquitter-du-role-historique-de-regrouper-les-nidaistes","status":"publish","type":"post","link":"https:\/\/linitiative.ca\/International\/tunisie-kotti-chahed-doit-sacquitter-du-role-historique-de-regrouper-les-nidaistes\/","title":{"rendered":"Tunisie \u2013 Kotti\u00a0: Chahed doit s\u2019acquitter du r\u00f4le historique de regrouper les nida\u00efstes"},"content":{"rendered":"<div class=\"post-cont-in left relative\">\n<p>Le Secr\u00e9taire G\u00e9n\u00e9ral de Nidaa Tounes, version Hammamet, Abdelaziz Kotti a appel\u00e9, ce jeudi, le chef du gouvernement, Youssef Chahed \u00e0 s\u2019acquitter d\u2019un r\u00f4le historique\u00a0; celui de regrouper les diff\u00e9rentes factions issues de Nidaa Tounes. Et ce, dans le souci de recr\u00e9er un parti fort et de r\u00e9tablir l\u2019\u00e9quilibre politique en Tunisie.<\/p>\n<p>Kotti a assur\u00e9 que Nidaa Tounes allait tout faire pour soutenir le gouvernement de Youssef Chahed, du moment que le parti s\u2019est d\u00e9barrass\u00e9 des \u00ab\u00a0\u00e9l\u00e9ments perturbateurs\u00a0\u00bb.<\/p>\n<div class=\"code-block code-block-1 c3\"><ins class=\"adsbygoogle c2\" data-ad-layout=\"in-article\" data-ad-format=\"fluid\" data-ad-client=\"ca-pub-2102118777505746\" data-ad-slot=\"7301775417\"\/> <\/div>\n<p>Kotti a ajout\u00e9 que Chahed demeure un membre \u00e0 part enti\u00e8re de Nidaa Tounes,\u00a0vu que le gel de son adh\u00e9sion a \u00e9t\u00e9 lev\u00e9 et qu\u2019il n\u2019a personnellement pas d\u00e9missionn\u00e9 ni annonc\u00e9 son adh\u00e9sion \u00e0 un autre parti.<\/p>\n<div class=\"mvp-org-wrap mvp-org-logo\" itemprop=\"publisher\" itemscope=\"\" itemtype=\"https:\/\/schema.org\/Organization\"><img decoding=\"async\" src=\"https:\/\/www.tunisienumerique.com\/wp-content\/uploads\/2017\/02\/logo_tunisie_numerique.png\"\/><\/div>\n<div class=\"mvp-related-posts left relative\">\n<h4 class=\"post-header\"><span class=\"post-header\">Lire aussi<\/span><\/h4>\n<\/div>\n<\/div>\n<p>Auteur: LM<br \/>\n<a href=\"https:\/\/www.tunisienumerique.com\/tunisie-kotti-chahed-doit-sacquitter-du-role-historique-de-regrouper-les-nidaistes\/\">Cliquez ici pour lire l&rsquo;article depuis sa source.<\/a><\/p>\n","protected":false},"excerpt":{"rendered":"<p>Le Secr\u00e9taire G\u00e9n\u00e9ral de Nidaa Tounes, version Hammamet, Abdelaziz Kotti a appel\u00e9, ce jeudi, le chef du gouvernement, Youssef Chahed \u00e0 s\u2019acquitter d\u2019un r\u00f4le historique\u00a0; celui de regrouper les diff\u00e9rentes factions issues de Nidaa Tounes. Et ce, dans le souci de recr\u00e9er un parti fort et de r\u00e9tablir l\u2019\u00e9quilibre politique en Tunisie. Kotti a assur\u00e9 [&hellip;]<\/p>\n","protected":false},"author":1789,"featured_media":33336,"comment_status":"closed","ping_status":"closed","sticky":false,"template":"","format":"standard","meta":{"fifu_image_url":"","fifu_image_alt":"","footnotes":""},"categories":[73,55],"tags":[],"class_list":["post-33335","post","type-post","status-publish","format-standard","has-post-thumbnail","hentry","category-actualite","category-tunisie"],"_links":{"self":[{"href":"https:\/\/linitiative.ca\/International\/wp-json\/wp\/v2\/posts\/33335","targetHints":{"allow":["GET"]}}],"collection":[{"href":"https:\/\/linitiative.ca\/International\/wp-json\/wp\/v2\/posts"}],"about":[{"href":"https:\/\/linitiative.ca\/International\/wp-json\/wp\/v2\/types\/post"}],"author":[{"embeddable":true,"href":"https:\/\/linitiative.ca\/International\/wp-json\/wp\/v2\/users\/1789"}],"replies":[{"embeddable":true,"href":"https:\/\/linitiative.ca\/International\/wp-json\/wp\/v2\/comments?post=33335"}],"version-history":[{"count":0,"href":"https:\/\/linitiative.ca\/International\/wp-json\/wp\/v2\/posts\/33335\/revisions"}],"wp:featuredmedia":[{"embeddable":true,"href":"https:\/\/linitiative.ca\/International\/wp-json\/"}],"wp:attachment":[{"href":"https:\/\/linitiative.ca\/International\/wp-json\/wp\/v2\/media?parent=33335"}],"wp:term":[{"taxonomy":"category","embeddable":true,"href":"https:\/\/linitiative.ca\/International\/wp-json\/wp\/v2\/categories?post=33335"},{"taxonomy":"post_tag","embeddable":true,"href":"https:\/\/linitiative.ca\/International\/wp-json\/wp\/v2\/tags?post=33335"}],"curies":[{"name":"wp","href":"https:\/\/api.w.org\/{rel}","templated":true}]}}