{"id":33339,"date":"2019-05-09T14:06:08","date_gmt":"2019-05-09T18:06:08","guid":{"rendered":"https:\/\/linitiative.ca\/International\/tunisie-audio-la-moitie-des-dossiers-deferes-par-livd-a-la-justice-sont-irrecevables-sur-le-fond-et-sur-la-forme\/"},"modified":"2019-05-09T14:06:08","modified_gmt":"2019-05-09T18:06:08","slug":"tunisie-audio-la-moitie-des-dossiers-deferes-par-livd-a-la-justice-sont-irrecevables-sur-le-fond-et-sur-la-forme","status":"publish","type":"post","link":"https:\/\/linitiative.ca\/International\/tunisie-audio-la-moitie-des-dossiers-deferes-par-livd-a-la-justice-sont-irrecevables-sur-le-fond-et-sur-la-forme\/","title":{"rendered":"Tunisie \u2013 AUDIO\u00a0: La moiti\u00e9 des dossiers d\u00e9f\u00e9r\u00e9s par l\u2019IVD \u00e0 la justice sont irrecevables sur le fond et sur la forme"},"content":{"rendered":"<div class=\"post-cont-in left relative\">\n<p>L\u2019ancien membre d\u00e9missionnaire de l\u2019IVD, Zouheir Makhlouf a annonc\u00e9 que l\u2019IVD a b\u00e2cl\u00e9 les dossiers d\u2019instruction des affaires qu\u2019elle a examin\u00e9es. Il a d\u00e9clar\u00e9 que l\u2019IVD n\u2019a pas respect\u00e9 les r\u00e8gles primordiales de l\u2019instruction d\u2019un dossier en justice, ni en \u00e9coutant les accus\u00e9s ni en respectant les deux degr\u00e9s d\u2019instruction.<\/p>\n<p>Il a ajout\u00e9 que certains dossiers n\u2019ont m\u00eame pas \u00e9t\u00e9 examin\u00e9s par des magistrats.<\/p>\n<div class=\"code-block code-block-1 c3\"><ins class=\"adsbygoogle c2\" data-ad-layout=\"in-article\" data-ad-format=\"fluid\" data-ad-client=\"ca-pub-2102118777505746\" data-ad-slot=\"7301775417\"\/> <\/div>\n<p>En r\u00e9sum\u00e9, Makhlouf a assur\u00e9 que la moiti\u00e9 des dossiers d\u00e9f\u00e9r\u00e9s par l\u2019IVD\u00a0devant les\u00a0Cours sp\u00e9cialis\u00e9es de justice, ne sont recevables ni sur le fond ni sur la forme, \u00e0 cause de ces d\u00e9fauts de proc\u00e9dure.<\/p>\n<p>Il a d\u00e9plor\u00e9 que ces comportements laissent craindre une justice d\u00e9pendante et sur commande qui laisse pr\u00e9sager le retour des d\u00e9passements judiciaires.<\/p>\n<p><a href=\"https:\/\/www.tunisienumerique.com\/wp-content\/uploads\/2019\/05\/Zouheir-Makhlouf.mp3\">https:\/\/www.tunisienumerique.com\/wp-content\/uploads\/2019\/05\/Zouheir-Makhlouf.mp3<\/a><\/p>\n<div class=\"mvp-org-wrap mvp-org-logo\" itemprop=\"publisher\" itemscope=\"\" itemtype=\"https:\/\/schema.org\/Organization\"><img decoding=\"async\" src=\"https:\/\/www.tunisienumerique.com\/wp-content\/uploads\/2017\/02\/logo_tunisie_numerique.png\"\/><\/div>\n<div class=\"mvp-related-posts left relative\">\n<h4 class=\"post-header\"><span class=\"post-header\">Lire aussi<\/span><\/h4>\n<\/div>\n<\/div>\n<p>Auteur: LM<br \/>\n<a href=\"https:\/\/www.tunisienumerique.com\/tunisie-audio-la-moitie-des-dossiers-deferes-par-livd-a-la-justice-sont-irrecevables-sur-le-fond-et-sur-la-forme\/\">Cliquez ici pour lire l&rsquo;article depuis sa source.<\/a><\/p>\n","protected":false},"excerpt":{"rendered":"<p>L\u2019ancien membre d\u00e9missionnaire de l\u2019IVD, Zouheir Makhlouf a annonc\u00e9 que l\u2019IVD a b\u00e2cl\u00e9 les dossiers d\u2019instruction des affaires qu\u2019elle a examin\u00e9es. Il a d\u00e9clar\u00e9 que l\u2019IVD n\u2019a pas respect\u00e9 les r\u00e8gles primordiales de l\u2019instruction d\u2019un dossier en justice, ni en \u00e9coutant les accus\u00e9s ni en respectant les deux degr\u00e9s d\u2019instruction. Il a ajout\u00e9 que certains [&hellip;]<\/p>\n","protected":false},"author":1789,"featured_media":33340,"comment_status":"closed","ping_status":"closed","sticky":false,"template":"","format":"standard","meta":{"fifu_image_url":"","fifu_image_alt":"","footnotes":""},"categories":[73,55],"tags":[],"class_list":["post-33339","post","type-post","status-publish","format-standard","has-post-thumbnail","hentry","category-actualite","category-tunisie"],"_links":{"self":[{"href":"https:\/\/linitiative.ca\/International\/wp-json\/wp\/v2\/posts\/33339","targetHints":{"allow":["GET"]}}],"collection":[{"href":"https:\/\/linitiative.ca\/International\/wp-json\/wp\/v2\/posts"}],"about":[{"href":"https:\/\/linitiative.ca\/International\/wp-json\/wp\/v2\/types\/post"}],"author":[{"embeddable":true,"href":"https:\/\/linitiative.ca\/International\/wp-json\/wp\/v2\/users\/1789"}],"replies":[{"embeddable":true,"href":"https:\/\/linitiative.ca\/International\/wp-json\/wp\/v2\/comments?post=33339"}],"version-history":[{"count":0,"href":"https:\/\/linitiative.ca\/International\/wp-json\/wp\/v2\/posts\/33339\/revisions"}],"wp:featuredmedia":[{"embeddable":true,"href":"https:\/\/linitiative.ca\/International\/wp-json\/"}],"wp:attachment":[{"href":"https:\/\/linitiative.ca\/International\/wp-json\/wp\/v2\/media?parent=33339"}],"wp:term":[{"taxonomy":"category","embeddable":true,"href":"https:\/\/linitiative.ca\/International\/wp-json\/wp\/v2\/categories?post=33339"},{"taxonomy":"post_tag","embeddable":true,"href":"https:\/\/linitiative.ca\/International\/wp-json\/wp\/v2\/tags?post=33339"}],"curies":[{"name":"wp","href":"https:\/\/api.w.org\/{rel}","templated":true}]}}