{"id":33341,"date":"2019-05-09T15:26:38","date_gmt":"2019-05-09T19:26:38","guid":{"rendered":"https:\/\/linitiative.ca\/International\/tunisie-zaghouan-de-la-prison-ferme-pour-un-commercant-ayant-agresse-un-controleur-economique\/"},"modified":"2019-05-09T15:26:38","modified_gmt":"2019-05-09T19:26:38","slug":"tunisie-zaghouan-de-la-prison-ferme-pour-un-commercant-ayant-agresse-un-controleur-economique","status":"publish","type":"post","link":"https:\/\/linitiative.ca\/International\/tunisie-zaghouan-de-la-prison-ferme-pour-un-commercant-ayant-agresse-un-controleur-economique\/","title":{"rendered":"Tunisie \u2013 Zaghouan\u00a0: De la prison ferme pour un commer\u00e7ant ayant agress\u00e9 un contr\u00f4leur \u00e9conomique"},"content":{"rendered":"<div class=\"post-cont-in left relative\">\n<p>Le magistrat au tribunal de premi\u00e8re instance de Zaghouan charg\u00e9 de l\u2019affaire d\u2019agression d\u2019un agent du contr\u00f4le \u00e9conomique, le premier jour de Ramadan a condamn\u00e9 \u00e0 la prison un commer\u00e7ant exer\u00e7ant dans la localit\u00e9 de Nador, dans le gouvernorat de Zaghouan.<\/p>\n<div class=\"mvp-org-wrap mvp-org-logo\" itemprop=\"publisher\" itemscope=\"\" itemtype=\"https:\/\/schema.org\/Organization\"><img decoding=\"async\" src=\"https:\/\/www.tunisienumerique.com\/wp-content\/uploads\/2017\/02\/logo_tunisie_numerique.png\"\/><\/div>\n<div class=\"mvp-related-posts left relative\">\n<h4 class=\"post-header\"><span class=\"post-header\">Lire aussi<\/span><\/h4>\n<\/div>\n<\/div>\n<p>Auteur: LM<br \/>\n<a href=\"https:\/\/www.tunisienumerique.com\/tunisie-zaghouan-de-la-prison-ferme-pour-un-commercant-ayant-agresse-un-controleur-economique\/\">Cliquez ici pour lire l&rsquo;article depuis sa source.<\/a><\/p>\n","protected":false},"excerpt":{"rendered":"<p>Le magistrat au tribunal de premi\u00e8re instance de Zaghouan charg\u00e9 de l\u2019affaire d\u2019agression d\u2019un agent du contr\u00f4le \u00e9conomique, le premier jour de Ramadan a condamn\u00e9 \u00e0 la prison un commer\u00e7ant exer\u00e7ant dans la localit\u00e9 de Nador, dans le gouvernorat de Zaghouan. Lire aussi Auteur: LM Cliquez ici pour lire l&rsquo;article depuis sa source.<\/p>\n","protected":false},"author":1789,"featured_media":33342,"comment_status":"closed","ping_status":"closed","sticky":false,"template":"","format":"standard","meta":{"fifu_image_url":"","fifu_image_alt":"","footnotes":""},"categories":[73,55],"tags":[],"class_list":["post-33341","post","type-post","status-publish","format-standard","has-post-thumbnail","hentry","category-actualite","category-tunisie"],"_links":{"self":[{"href":"https:\/\/linitiative.ca\/International\/wp-json\/wp\/v2\/posts\/33341","targetHints":{"allow":["GET"]}}],"collection":[{"href":"https:\/\/linitiative.ca\/International\/wp-json\/wp\/v2\/posts"}],"about":[{"href":"https:\/\/linitiative.ca\/International\/wp-json\/wp\/v2\/types\/post"}],"author":[{"embeddable":true,"href":"https:\/\/linitiative.ca\/International\/wp-json\/wp\/v2\/users\/1789"}],"replies":[{"embeddable":true,"href":"https:\/\/linitiative.ca\/International\/wp-json\/wp\/v2\/comments?post=33341"}],"version-history":[{"count":0,"href":"https:\/\/linitiative.ca\/International\/wp-json\/wp\/v2\/posts\/33341\/revisions"}],"wp:featuredmedia":[{"embeddable":true,"href":"https:\/\/linitiative.ca\/International\/wp-json\/"}],"wp:attachment":[{"href":"https:\/\/linitiative.ca\/International\/wp-json\/wp\/v2\/media?parent=33341"}],"wp:term":[{"taxonomy":"category","embeddable":true,"href":"https:\/\/linitiative.ca\/International\/wp-json\/wp\/v2\/categories?post=33341"},{"taxonomy":"post_tag","embeddable":true,"href":"https:\/\/linitiative.ca\/International\/wp-json\/wp\/v2\/tags?post=33341"}],"curies":[{"name":"wp","href":"https:\/\/api.w.org\/{rel}","templated":true}]}}