{"id":33347,"date":"2019-05-09T16:19:42","date_gmt":"2019-05-09T20:19:42","guid":{"rendered":"https:\/\/linitiative.ca\/International\/tunisie-ibtihel-abdellatif-accuse-livd-de-graves-depassements-de-gestion-et-de-corruption\/"},"modified":"2019-05-09T16:19:42","modified_gmt":"2019-05-09T20:19:42","slug":"tunisie-ibtihel-abdellatif-accuse-livd-de-graves-depassements-de-gestion-et-de-corruption","status":"publish","type":"post","link":"https:\/\/linitiative.ca\/International\/tunisie-ibtihel-abdellatif-accuse-livd-de-graves-depassements-de-gestion-et-de-corruption\/","title":{"rendered":"Tunisie \u2013 Ibtihel Abdellatif accuse l\u2019IVD de graves d\u00e9passements de gestion et de corruption"},"content":{"rendered":"<div class=\"post-cont-in left relative\">\n<p>La membre de l\u2019IVD, Ibtihel Abdellatif a annonc\u00e9 que les d\u00e9passements enregistr\u00e9s par la Cour des Comptes, dans la gestion des finances de l\u2019IVD, ne repr\u00e9sentent que la partie visible de l\u2019Iceberg. Elle a expliqu\u00e9 que la Cour des Comptes n\u2019a pas pu avoir acc\u00e8s \u00e0 toutes les donn\u00e9es de la gestion de l\u2019IVD, parce que le personnel de l\u2019Instance a re\u00e7u des ordres de sa pr\u00e9sidente de ne pas donner les documents demand\u00e9s par les membres de la Commission de la Cour.<\/p>\n<p>Ibtihel Abdellatif a accus\u00e9 l\u2019IVD et sa pr\u00e9sidente de graves d\u00e9passements et de malversations.<\/p>\n<div class=\"code-block code-block-1 c3\"><ins class=\"adsbygoogle c2\" data-ad-layout=\"in-article\" data-ad-format=\"fluid\" data-ad-client=\"ca-pub-2102118777505746\" data-ad-slot=\"7301775417\"\/> <\/div>\n<div class=\"mvp-org-wrap mvp-org-logo\" itemprop=\"publisher\" itemscope=\"\" itemtype=\"https:\/\/schema.org\/Organization\"><img decoding=\"async\" src=\"https:\/\/www.tunisienumerique.com\/wp-content\/uploads\/2017\/02\/logo_tunisie_numerique.png\"\/><\/div>\n<div class=\"mvp-related-posts left relative\">\n<h4 class=\"post-header\"><span class=\"post-header\">Lire aussi<\/span><\/h4>\n<\/div>\n<\/div>\n<p>Auteur: LM<br \/>\n<a href=\"https:\/\/www.tunisienumerique.com\/tunisie-ibtihel-abdellatif-accuse-livd-de-graves-depassements-de-gestion-et-de-corruption\/\">Cliquez ici pour lire l&rsquo;article depuis sa source.<\/a><\/p>\n","protected":false},"excerpt":{"rendered":"<p>La membre de l\u2019IVD, Ibtihel Abdellatif a annonc\u00e9 que les d\u00e9passements enregistr\u00e9s par la Cour des Comptes, dans la gestion des finances de l\u2019IVD, ne repr\u00e9sentent que la partie visible de l\u2019Iceberg. Elle a expliqu\u00e9 que la Cour des Comptes n\u2019a pas pu avoir acc\u00e8s \u00e0 toutes les donn\u00e9es de la gestion de l\u2019IVD, parce [&hellip;]<\/p>\n","protected":false},"author":1789,"featured_media":33348,"comment_status":"closed","ping_status":"closed","sticky":false,"template":"","format":"standard","meta":{"fifu_image_url":"","fifu_image_alt":"","footnotes":""},"categories":[73,55],"tags":[],"class_list":["post-33347","post","type-post","status-publish","format-standard","has-post-thumbnail","hentry","category-actualite","category-tunisie"],"_links":{"self":[{"href":"https:\/\/linitiative.ca\/International\/wp-json\/wp\/v2\/posts\/33347","targetHints":{"allow":["GET"]}}],"collection":[{"href":"https:\/\/linitiative.ca\/International\/wp-json\/wp\/v2\/posts"}],"about":[{"href":"https:\/\/linitiative.ca\/International\/wp-json\/wp\/v2\/types\/post"}],"author":[{"embeddable":true,"href":"https:\/\/linitiative.ca\/International\/wp-json\/wp\/v2\/users\/1789"}],"replies":[{"embeddable":true,"href":"https:\/\/linitiative.ca\/International\/wp-json\/wp\/v2\/comments?post=33347"}],"version-history":[{"count":0,"href":"https:\/\/linitiative.ca\/International\/wp-json\/wp\/v2\/posts\/33347\/revisions"}],"wp:featuredmedia":[{"embeddable":true,"href":"https:\/\/linitiative.ca\/International\/wp-json\/"}],"wp:attachment":[{"href":"https:\/\/linitiative.ca\/International\/wp-json\/wp\/v2\/media?parent=33347"}],"wp:term":[{"taxonomy":"category","embeddable":true,"href":"https:\/\/linitiative.ca\/International\/wp-json\/wp\/v2\/categories?post=33347"},{"taxonomy":"post_tag","embeddable":true,"href":"https:\/\/linitiative.ca\/International\/wp-json\/wp\/v2\/tags?post=33347"}],"curies":[{"name":"wp","href":"https:\/\/api.w.org\/{rel}","templated":true}]}}