{"id":33351,"date":"2019-05-09T17:17:46","date_gmt":"2019-05-09T21:17:46","guid":{"rendered":"https:\/\/linitiative.ca\/International\/ligue-des-champions-la-date-de-la-finale-est-wydad\/"},"modified":"2019-05-09T17:17:46","modified_gmt":"2019-05-09T21:17:46","slug":"ligue-des-champions-la-date-de-la-finale-est-wydad","status":"publish","type":"post","link":"https:\/\/linitiative.ca\/International\/ligue-des-champions-la-date-de-la-finale-est-wydad\/","title":{"rendered":"Ligue des champions : La date de la finale EST-Wydad"},"content":{"rendered":"<div class=\"post-cont-in left relative\">\n<p><span>La Conf\u00e9d\u00e9ration africaine de football (CAF) a d\u00e9voil\u00e9 la date des rencontres aller et retour de la finale de la Ligue des champions d\u2019Afrique qui opposera l\u2019Esp\u00e9rance Sportive de Tunis au\u00a0<\/span><span>Wydad<\/span><span>\u00a0de Casablanca.<\/span><span>\u00a0<\/span><\/p>\n<p><span>La finale aller se d\u00e9roulera au Maroc le 24 mai prochain \u00e0 partir de (23h00) alors que le retour aura lieu le 31 mai au stade olympique de Rad\u00e8s \u00e0 partir de (22h00).<\/span><span>\u00a0<\/span><\/p>\n<div class=\"code-block code-block-1 c3\"><ins class=\"adsbygoogle c2\" data-ad-layout=\"in-article\" data-ad-format=\"fluid\" data-ad-client=\"ca-pub-2102118777505746\" data-ad-slot=\"7301775417\"\/> <\/div>\n<p><span>Il est \u00e0 noter que le\u00a0<\/span><span>Wydad<\/span><span>\u00a0de Faouzi\u00a0<\/span><span>Benzarti<\/span><span>\u00a0ne pourrait pas recevoir l\u2019EST \u00e0 Casablanca \u00e0 cause des travaux au\u00a0<\/span><span>stade Mohammed-V. Les marocains seront oblig\u00e9s de joueur au stade\u00a0Moulay-Abdallah de Rabat.<\/span><span>\u00a0<\/span><\/p>\n<div class=\"mvp-org-wrap mvp-org-logo\" itemprop=\"publisher\" itemscope=\"\" itemtype=\"https:\/\/schema.org\/Organization\"><img decoding=\"async\" src=\"https:\/\/www.tunisienumerique.com\/wp-content\/uploads\/2017\/02\/logo_tunisie_numerique.png\"\/><\/div>\n<div class=\"mvp-related-posts left relative\">\n<h4 class=\"post-header\"><span class=\"post-header\">Lire aussi<\/span><\/h4>\n<\/div>\n<\/div>\n<p>Auteur:<br \/>\n<a href=\"https:\/\/www.tunisienumerique.com\/ligue-champions-date-de-finale-wydad\/\">Cliquez ici pour lire l&rsquo;article depuis sa source.<\/a><\/p>\n","protected":false},"excerpt":{"rendered":"<p>La Conf\u00e9d\u00e9ration africaine de football (CAF) a d\u00e9voil\u00e9 la date des rencontres aller et retour de la finale de la Ligue des champions d\u2019Afrique qui opposera l\u2019Esp\u00e9rance Sportive de Tunis au\u00a0Wydad\u00a0de Casablanca.\u00a0 La finale aller se d\u00e9roulera au Maroc le 24 mai prochain \u00e0 partir de (23h00) alors que le retour aura lieu le 31 [&hellip;]<\/p>\n","protected":false},"author":1789,"featured_media":33352,"comment_status":"closed","ping_status":"closed","sticky":false,"template":"","format":"standard","meta":{"fifu_image_url":"","fifu_image_alt":"","footnotes":""},"categories":[73,55],"tags":[],"class_list":["post-33351","post","type-post","status-publish","format-standard","has-post-thumbnail","hentry","category-actualite","category-tunisie"],"_links":{"self":[{"href":"https:\/\/linitiative.ca\/International\/wp-json\/wp\/v2\/posts\/33351","targetHints":{"allow":["GET"]}}],"collection":[{"href":"https:\/\/linitiative.ca\/International\/wp-json\/wp\/v2\/posts"}],"about":[{"href":"https:\/\/linitiative.ca\/International\/wp-json\/wp\/v2\/types\/post"}],"author":[{"embeddable":true,"href":"https:\/\/linitiative.ca\/International\/wp-json\/wp\/v2\/users\/1789"}],"replies":[{"embeddable":true,"href":"https:\/\/linitiative.ca\/International\/wp-json\/wp\/v2\/comments?post=33351"}],"version-history":[{"count":0,"href":"https:\/\/linitiative.ca\/International\/wp-json\/wp\/v2\/posts\/33351\/revisions"}],"wp:featuredmedia":[{"embeddable":true,"href":"https:\/\/linitiative.ca\/International\/wp-json\/"}],"wp:attachment":[{"href":"https:\/\/linitiative.ca\/International\/wp-json\/wp\/v2\/media?parent=33351"}],"wp:term":[{"taxonomy":"category","embeddable":true,"href":"https:\/\/linitiative.ca\/International\/wp-json\/wp\/v2\/categories?post=33351"},{"taxonomy":"post_tag","embeddable":true,"href":"https:\/\/linitiative.ca\/International\/wp-json\/wp\/v2\/tags?post=33351"}],"curies":[{"name":"wp","href":"https:\/\/api.w.org\/{rel}","templated":true}]}}