{"id":33353,"date":"2019-05-09T16:41:10","date_gmt":"2019-05-09T20:41:10","guid":{"rendered":"https:\/\/linitiative.ca\/International\/dialogue-politique-au-burkina-soyons-des-forces-de-propositions-et-non-des-forces-de-critiques\/"},"modified":"2019-05-09T16:41:10","modified_gmt":"2019-05-09T20:41:10","slug":"dialogue-politique-au-burkina-soyons-des-forces-de-propositions-et-non-des-forces-de-critiques","status":"publish","type":"post","link":"https:\/\/linitiative.ca\/International\/dialogue-politique-au-burkina-soyons-des-forces-de-propositions-et-non-des-forces-de-critiques\/","title":{"rendered":"DIALOGUE POLITIQUE AU BURKINA.  : Soyons des forces de propositions et non des forces de critiques"},"content":{"rendered":"<p><img decoding=\"async\" class=\"post_layout_5_img\" src=\"http:\/\/lepays.bf\/wp-content\/uploads\/2019\/05\/DIALOGUE.jpg\" alt=\"DIALOGUE POLITIQUE AU BURKINA. : Soyons des forces de propositions et non des forces de critiques\"\/><\/p>\n<p class=\"c4\"><em>Le pr\u00e9sident du Faso, Roch Marc Christian Kabor\u00e9, a invit\u00e9 l\u2019ensemble de la classe politique \u00e0 un dialogue national. L\u2019objectif, ici, est d\u2019examiner les d\u00e9fis auxquels fait face le Burkina Faso et de d\u00e9gager de bonnes perspectives pour le pays dont les fils et filles, depuis l\u2019insurrection populaire d\u2019octobre 2014, sont rest\u00e9s divis\u00e9s. C\u2019est pourquoi, personnellement, je salue l\u2019initiative du chef de l\u2019Etat et l\u2019encourage \u00e0 aller jusqu\u2019au bout. C\u2019est d\u00e9j\u00e0 un acte de sagesse, de reconna\u00eetre que le pays va mal et d\u2019appeler toutes les forces politiques en pr\u00e9sence, \u00e0 un dialogue. Cela n\u2019avait que trop tard\u00e9. Car, cela fait d\u00e9j\u00e0 trois ans que le Burkina est en crise. En effet, pendant que les terroristes et autres forces du mal frappent aveugl\u00e9ment, le front social reste toujours en \u00e9bullition si fait que quelqu\u2019un a pu dire du Burkina qu\u2019il \u00e9tait devenu un chaudron. Certains partenaires ayant pris la cl\u00e9 des champs, l\u2019\u00e9conomie nationale a pris un s\u00e9rieux coup. Et comme pour ne rien arranger, les conflits communautaires prennent de plus en plus de l\u2019ampleur, mettant \u00e0 mal le vivre-ensemble dont se gargarisait notre pays depuis des d\u00e9cennies. Pour toutes ces raisons, le dialogue politique initi\u00e9 par le num\u00e9ro un des Burkinab\u00e8, a toute sa raison d\u2019\u00eatre. Et le deuxi\u00e8me vice-pr\u00e9sident du parti au pouvoir, ne dit pas autre chose quand il dit ceci\u00a0: \u00ab\u00a0Notre pays est \u00e0 la crois\u00e9e des chemins et ses leaders politiques, tous bords confondus, n\u2019ont pas droit \u00e0 l\u2019erreur\u00a0\u00bb. C\u2019est tellement bien dit que je ne peux trouver \u00e0 redire si ce n\u2019est demander \u00e0 tous, pouvoir comme opposition, de faire preuve de responsabilit\u00e9s.<\/em><\/p>\n<p><strong>La critique pour la critique ne sert \u00e0 rien<\/strong><\/p>\n<p class=\"c4\"><em>Il ne faut pas que le dialogue se transforme en une foire d\u2019empoigne. Ce n\u2019est pas le lieu pour les uns et les autres de venir avec les revendications. Non, telle n\u2019est pas ma compr\u00e9hension des choses. C\u2019est plut\u00f4t le lieu d\u2019examiner s\u00e9rieusement les difficult\u00e9s auxquelles fait face le pays afin d\u2019y apporter des solutions idoines.<\/em> <em>Pour cela, je souhaite que les uns et les autres fassent des propositions concr\u00e8tes plut\u00f4t que de passer le temps \u00e0 se fendre en diatribes. Car, il y a un temps pour critiquer, mais il y a aussi un temps pour faire des propositions constructives. Je le dis parce que si la maison Burkina va mal, nous allons tous en p\u00e2tir et ceux-l\u00e0 m\u00eames qui pensent qu\u2019ils se tireront d\u2019affaire, en seront sans doute les premi\u00e8res victimes. Qu\u2019ils se le tiennent donc pour dit. Soyons des forces de propositions et non des forces de critiques. Car la critique pour la critique ne sert \u00e0 rien. Quant au pouvoir, il doit retenir qu\u2019il ne suffit pas seulement d\u2019initier un dialogue. Il faut faire en sorte que les propositions que feront les uns et les autres, soient prises en compte pour ne pas donner l\u2019impression qu\u2019il s\u2019agissait d\u2019un simple \u00ab marketing politique \u00bb destin\u00e9 \u00e0 divertir l\u2019opinion. Le Burkina Faso n\u2019a pas besoin de \u00e7a. Il a tellement de probl\u00e8mes qu\u2019il n\u2019en peut plus de supporter les turpitudes des hommes politiques.<\/em><\/p>\n<p><strong>\u00ab\u00a0Le Fou\u00a0\u00bb<\/strong><\/p>\n<p>Auteur: Le Pays<br \/>\n<a href=\"http:\/\/lepays.bf\/dialogue-politique-au-burkina-soyons-des-forces-de-propositions-et-non-des-forces-de-critiques\/\">Cliquez ici pour lire l&rsquo;article depuis sa source.<\/a><\/p>\n","protected":false},"excerpt":{"rendered":"<p>Le pr\u00e9sident du Faso, Roch Marc Christian Kabor\u00e9, a invit\u00e9 l\u2019ensemble de la classe politique \u00e0 un dialogue national. L\u2019objectif, ici, est d\u2019examiner les d\u00e9fis auxquels fait face le Burkina Faso et de d\u00e9gager de bonnes perspectives pour le pays dont les fils et filles, depuis l\u2019insurrection populaire d\u2019octobre 2014, sont rest\u00e9s divis\u00e9s. C\u2019est pourquoi, [&hellip;]<\/p>\n","protected":false},"author":1813,"featured_media":33354,"comment_status":"closed","ping_status":"closed","sticky":false,"template":"","format":"standard","meta":{"fifu_image_url":"","fifu_image_alt":"","footnotes":""},"categories":[73,81],"tags":[],"class_list":["post-33353","post","type-post","status-publish","format-standard","has-post-thumbnail","hentry","category-actualite","category-burkina-faso"],"_links":{"self":[{"href":"https:\/\/linitiative.ca\/International\/wp-json\/wp\/v2\/posts\/33353","targetHints":{"allow":["GET"]}}],"collection":[{"href":"https:\/\/linitiative.ca\/International\/wp-json\/wp\/v2\/posts"}],"about":[{"href":"https:\/\/linitiative.ca\/International\/wp-json\/wp\/v2\/types\/post"}],"author":[{"embeddable":true,"href":"https:\/\/linitiative.ca\/International\/wp-json\/wp\/v2\/users\/1813"}],"replies":[{"embeddable":true,"href":"https:\/\/linitiative.ca\/International\/wp-json\/wp\/v2\/comments?post=33353"}],"version-history":[{"count":0,"href":"https:\/\/linitiative.ca\/International\/wp-json\/wp\/v2\/posts\/33353\/revisions"}],"wp:featuredmedia":[{"embeddable":true,"href":"https:\/\/linitiative.ca\/International\/wp-json\/"}],"wp:attachment":[{"href":"https:\/\/linitiative.ca\/International\/wp-json\/wp\/v2\/media?parent=33353"}],"wp:term":[{"taxonomy":"category","embeddable":true,"href":"https:\/\/linitiative.ca\/International\/wp-json\/wp\/v2\/categories?post=33353"},{"taxonomy":"post_tag","embeddable":true,"href":"https:\/\/linitiative.ca\/International\/wp-json\/wp\/v2\/tags?post=33353"}],"curies":[{"name":"wp","href":"https:\/\/api.w.org\/{rel}","templated":true}]}}