{"id":33360,"date":"2019-05-09T15:50:02","date_gmt":"2019-05-09T19:50:02","guid":{"rendered":"https:\/\/linitiative.ca\/International\/corruption-au-bresil-lex-president-temer-se-presente-a-la-police\/"},"modified":"2019-05-09T15:50:02","modified_gmt":"2019-05-09T19:50:02","slug":"corruption-au-bresil-lex-president-temer-se-presente-a-la-police","status":"publish","type":"post","link":"https:\/\/linitiative.ca\/International\/corruption-au-bresil-lex-president-temer-se-presente-a-la-police\/","title":{"rendered":"Corruption au Br\u00e9sil : l\u2019ex-pr\u00e9sident Temer se pr\u00e9sente \u00e0 la police"},"content":{"rendered":"<div readability=\"32\">\n<p>Publi\u00e9 le 09.05.2019 \u00e0 20h50 par AFP<\/p>\n<\/div>\n<div readability=\"103\">\n<p>L\u2019ancien pr\u00e9sident br\u00e9silien Michel Temer, poursuivi pour corruption, s\u2019est pr\u00e9sent\u00e9 jeudi \u00e0 la police f\u00e9d\u00e9rale de Sao Paulo (sud-est), au lendemain d\u2019une d\u00e9cision de justice ordonnant son retour en prison.<\/p>\n<p>L\u2019ex-chef d\u2019Etat est arriv\u00e9 dans un convoi de voitures aux vitres teint\u00e9es au si\u00e8ge de la police f\u00e9d\u00e9rale en milieu d\u2019apr\u00e8s-midi, deux heures avant l\u2019expiration du d\u00e9lai imparti, ont constat\u00e9 des journalistes de l\u2019AFP.<\/p>\n<p>Une cour d\u2019appel de Rio de Janeiro avait ordonn\u00e9 mercredi la r\u00e9incarc\u00e9ration de Michel Temer, 78 ans, infirmant une d\u00e9cision de remise en libert\u00e9 de l\u2019ex-pr\u00e9sident rendue le 25 mars par un juge de premi\u00e8re instance. Ses avocats ont pr\u00e9sent\u00e9 une demande d\u2019habeas corpus qui permettrait sa lib\u00e9ration de nouveau.<\/p>\n<p>Le pr\u00e9sident de centre droit, qui a quitt\u00e9 le pouvoir le 31 d\u00e9cembre 2018 apr\u00e8s un mandat de deux ans et demi entach\u00e9 par les scandales de corruption, avait d\u00e9j\u00e0 pass\u00e9 quatre jours en d\u00e9tention apr\u00e8s son arrestation.<\/p>\n<p>Il est soup\u00e7onn\u00e9 par la justice d\u2019\u00eatre \u00e0 la t\u00eate d\u2019une \u00ab\u00a0organisation criminelle\u00a0\u00bb ayant d\u00e9tourn\u00e9 jusqu\u2019\u00e0 1,8 milliard de r\u00e9ais (417 millions d\u2019euros).<\/p>\n<p>\u00ab\u00a0C\u2019est une surprise d\u00e9sagr\u00e9able pour moi, mais je me livrerai volontairement demain\u00a0\u00bb, a d\u00e9clar\u00e9 l\u2019ex-chef de l\u2019Etat mercredi soir devant sa r\u00e9sidence \u00e0 Sao Paulo. Il a toutefois estim\u00e9 que la d\u00e9cision de l\u2019emprisonner de nouveau \u00e9tait \u00ab\u00a0compl\u00e8tement erron\u00e9e sur le plan juridique\u00a0\u00bb.<\/p>\n<p>\u00ab\u00a0Il n\u2019y a aucun fondement \u00e0 cette incarc\u00e9ration. Les juges disent eux-m\u00eames qu\u2019il n\u2019y a pas de risque\u00a0\u00bb de fuite ou de destruction de preuves, a affirm\u00e9 pour sa part l\u2019avocat de M. Temer, Eduardo Carnelos. \u00ab\u00a0L\u2019argument, c\u2019est qu\u2019il faut faire un exemple pour la soci\u00e9t\u00e9. Cette d\u00e9cision est une page triste de plus dans l\u2019histoire r\u00e9cente de la justice br\u00e9silienne\u00a0\u00bb.<\/p>\n<p><ins data-revive-zoneid=\"9\" data-revive-id=\"10111e19d28d19d031742ee3b0b33eb0\"\/> <\/p>\n<p>Pr\u00e9d\u00e9cesseur du pr\u00e9sident Jair Bolsonaro, Michel Temer avait \u00e9t\u00e9 arr\u00eat\u00e9 \u00e0 Sao Paulo dans le cadre de l\u2019op\u00e9ration \u00ab\u00a0Lavage express\u00a0\u00bb.<\/p>\n<p>Cette enqu\u00eate tentaculaire, lanc\u00e9e il y a cinq ans, a mis au jour le plus grand scandale de corruption de l\u2019Histoire du Br\u00e9sil, autour de contrats de la compagnie p\u00e9troli\u00e8re publique Petrobras, avec des grands groupes du BTP.<\/p>\n<p>Le parquet a notamment \u00e9voqu\u00e9 un \u00ab\u00a0syst\u00e8me criminel sophistiqu\u00e9\u00a0\u00bb sur des projets de g\u00e9nie \u00e9lectro-m\u00e9canique dans la centrale nucl\u00e9aire d\u2019Angra, qui n\u2019est toujours pas achev\u00e9e.<\/p>\n<p>M. Temer \u00e9tait arriv\u00e9 au pouvoir en ao\u00fbt 2016, apr\u00e8s la destitution brutale de la pr\u00e9sidente de gauche Dilma Rousseff \u2013 pour maquillage des comptes publics -, dont il \u00e9tait le vice-pr\u00e9sident.<\/p>\n<p>Il est le deuxi\u00e8me pr\u00e9sident br\u00e9silien incarc\u00e9r\u00e9 dans le cadre de l\u2019op\u00e9ration \u00ab\u00a0Lavage express\u00a0\u00bb, apr\u00e8s Luiz Inacio Lula da Silva (Lula), en prison depuis avril 2018 pour corruption et blanchiment d\u2019argent.<\/p>\n<\/div>\n<p>Auteur: AFP<br \/>\n<a href=\"https:\/\/www.journalducameroun.com\/fr\/corruption-au-bresil-lex-president-temer-se-presente-a-la-police\/\">Cliquez ici pour lire l&rsquo;article depuis sa source.<\/a><\/p>\n","protected":false},"excerpt":{"rendered":"<p>Publi\u00e9 le 09.05.2019 \u00e0 20h50 par AFP L\u2019ancien pr\u00e9sident br\u00e9silien Michel Temer, poursuivi pour corruption, s\u2019est pr\u00e9sent\u00e9 jeudi \u00e0 la police f\u00e9d\u00e9rale de Sao Paulo (sud-est), au lendemain d\u2019une d\u00e9cision de justice ordonnant son retour en prison. L\u2019ex-chef d\u2019Etat est arriv\u00e9 dans un convoi de voitures aux vitres teint\u00e9es au si\u00e8ge de la police f\u00e9d\u00e9rale [&hellip;]<\/p>\n","protected":false},"author":1965,"featured_media":0,"comment_status":"closed","ping_status":"closed","sticky":false,"template":"","format":"standard","meta":{"fifu_image_url":"","fifu_image_alt":"","footnotes":""},"categories":[73,82],"tags":[],"class_list":["post-33360","post","type-post","status-publish","format-standard","hentry","category-actualite","category-cameroun"],"_links":{"self":[{"href":"https:\/\/linitiative.ca\/International\/wp-json\/wp\/v2\/posts\/33360","targetHints":{"allow":["GET"]}}],"collection":[{"href":"https:\/\/linitiative.ca\/International\/wp-json\/wp\/v2\/posts"}],"about":[{"href":"https:\/\/linitiative.ca\/International\/wp-json\/wp\/v2\/types\/post"}],"author":[{"embeddable":true,"href":"https:\/\/linitiative.ca\/International\/wp-json\/wp\/v2\/users\/1965"}],"replies":[{"embeddable":true,"href":"https:\/\/linitiative.ca\/International\/wp-json\/wp\/v2\/comments?post=33360"}],"version-history":[{"count":0,"href":"https:\/\/linitiative.ca\/International\/wp-json\/wp\/v2\/posts\/33360\/revisions"}],"wp:attachment":[{"href":"https:\/\/linitiative.ca\/International\/wp-json\/wp\/v2\/media?parent=33360"}],"wp:term":[{"taxonomy":"category","embeddable":true,"href":"https:\/\/linitiative.ca\/International\/wp-json\/wp\/v2\/categories?post=33360"},{"taxonomy":"post_tag","embeddable":true,"href":"https:\/\/linitiative.ca\/International\/wp-json\/wp\/v2\/tags?post=33360"}],"curies":[{"name":"wp","href":"https:\/\/api.w.org\/{rel}","templated":true}]}}