{"id":33361,"date":"2019-05-09T16:18:07","date_gmt":"2019-05-09T20:18:07","guid":{"rendered":"https:\/\/linitiative.ca\/International\/cajou-la-cote-divoire-revoit-sa-production-a-la-baisse-de-800-000-t-a-730-000-t-pour-la-campagne-2019\/"},"modified":"2019-05-09T16:18:07","modified_gmt":"2019-05-09T20:18:07","slug":"cajou-la-cote-divoire-revoit-sa-production-a-la-baisse-de-800-000-t-a-730-000-t-pour-la-campagne-2019","status":"publish","type":"post","link":"https:\/\/linitiative.ca\/International\/cajou-la-cote-divoire-revoit-sa-production-a-la-baisse-de-800-000-t-a-730-000-t-pour-la-campagne-2019\/","title":{"rendered":"Cajou: la C\u00f4te d\u2019Ivoire revoit sa production \u00e0 la baisse de 800.000 t \u00e0 730.000 t pour la campagne 2019"},"content":{"rendered":"<div readability=\"32\">\n<p>Publi\u00e9 le 09.05.2019 \u00e0 21h18 par APA News<\/p>\n<\/div>\n<div readability=\"140\">\n<p>Le Conseil coton-anacarde de C\u00f4te d\u2019Ivoire, charg\u00e9 de la r\u00e9gulation de la fili\u00e8re cajou, qui projetait une production de 800.000 tonnes pour la campagne 2019 a revu \u00e0 la baisse ses pr\u00e9visions \u00e0 730.000 tonnes en raison des \u00ab probl\u00e8mes de pluviom\u00e9trie \u00bb.L\u2019information a \u00e9t\u00e9 port\u00e9e \u00e0 la presse, jeudi, par le directeur \u00a0g\u00e9n\u00e9ral du Conseil coton-anacarde, Adama Coulibaly, \u00e0 l\u2019occasion d\u2019un \u00a0bilan de la commercialisation de la noix de cajou, dont l\u2019\u00e9coulement de \u00a0la production \u00e9prouve quelques difficult\u00e9s, en partie, dues \u00e0 la \u00a0sp\u00e9culation sur le march\u00e9 international. \u00a0<\/p>\n<p>\u00ab \u00a0Nous pensons que nous allons terminer \u00e0 730.000 tonnes, soit 30.000 \u00a0tonnes en dessous \u00bb de la production de la campagne cajou 2018 o\u00f9 la \u00a0C\u00f4te d\u2019Ivoire a enregistr\u00e9 761.000 tonnes contre 711.000 tonnes en 2017, \u00a0affichant une hausse record de 50.000 tonnes.\u00a0<\/p>\n<p>Selon \u00a0M. Adama Coulibaly, le prix CAF (Co\u00fbt, assurance, fret) dans la matrice \u00a0du Conseil est de 1.300 dollars (759.832 Fcfa), mais il revient que \u00a0certains signaient des contrats sur les r\u00e9seaux, o\u00f9 l\u2019offre de la C\u00f4te \u00a0d\u2019Ivoire \u00e9tait de \u00ab 1.050 (613.762 Fcfa) ou m\u00eame 900 dollars (526.075 \u00a0Fcfa) la tonne\u00bb. \u00a0<\/p>\n<p>\u00ab Comment quelqu\u2019un qui \u00a0ach\u00e8te \u00e0 375 Fcfa\/Kg (prix bord champ homologu\u00e9 par l\u2019Etat ivoirien) \u00a0peut signer un contrat de 1.000 dollars (584.515 Fcfa) la tonne, ce \u00a0n\u2019est pas possible \u00bb, a fait observer le directeur g\u00e9n\u00e9ral du Conseil \u00a0coton-anacarde. \u00a0<\/p>\n<p>Dans ce contexte, dira-t-il, le Conseil a \u00ab \u00a0interdit toute nouvelle autorisation d\u2019exportation sur dix jours \u00bb avec \u00a0l\u2019envoi d\u2019\u00e9quipes pour contr\u00f4ler les 102 magasins des exportateurs qui \u00a0sont r\u00e9pertori\u00e9s dans les bases de donn\u00e9es de la C\u00f4te d\u2019Ivoire. \u00a0\u00a0<\/p>\n<p>\u00ab \u00a0Ce travail est en cours pour regarder les contrats et voir ceux qui ont \u00a0sign\u00e9 des contrats en dessous, mais largement en dessous du bar\u00e8me et \u00a0nous verrons les d\u00e9cisions \u00e0 prendre \u00bb, a-t-il pr\u00e9venu. Et ce, dans \u00a0l\u2019optique du respect du prix bord champ sur le territoire ivoirien.\u00a0<\/p>\n<p>\u00ab \u00a0Si vous vendez \u00e0 900 dollars la tonne, \u00e7a veut dire que vous avez \u00a0achet\u00e9 entre 75 Fcfa\/Kg et 125 Fcfa maximum (au prix bord champ) \u00bb, \u00a0alors que dans le contexte actuel, \u00ab ce n\u2019est pas possible \u00bb, a fait \u00a0savoir Dr Adama Coulibaly.\u00a0<\/p>\n<p><ins data-revive-zoneid=\"9\" data-revive-id=\"10111e19d28d19d031742ee3b0b33eb0\"\/> <\/p>\n<p>Le Conseil, au \u00a0regard du \u00ab ralentissement \u00bb de la commercialisation, a sign\u00e9 un \u00a0protocole d\u2019achat de 200.000 tonnes de noix de cajou, le 20 mars 2019, \u00a0avec le Groupe vietnamien T&#038;T, afin de trouver des d\u00e9bouch\u00e9s ou \u00a0circuits alternatifs d\u2019exportation des noix ivoiriennes.\u00a0<\/p>\n<p>La \u00a0signature a \u00e9t\u00e9 faite \u00e9galement avec le Groupement des exportateurs et \u00a0professionnels des produits agricoles (GEPPA). Le r\u00e9gulateur pr\u00e9voit \u00a0d\u2019autres initiatives, \u00a0en cours d\u2019impl\u00e9mentation, pour acc\u00e9l\u00e9rer \u00a0l\u2019enl\u00e8vement des produits aux mains des paysans afin de relancer \u00a0l\u2019activit\u00e9 des acteurs priv\u00e9s. \u00a0<\/p>\n<p>En lan\u00e7ant \u00a0cette op\u00e9ration, \u00ab nous nous sommes donn\u00e9s les moyens de contourner tous les \u00a0exportateurs parce qu\u2019il nous revient que certains signent des contrats \u00a0en dessous du bar\u00e8me que nous avons fix\u00e9, or il est \u00e9tabli \u00e0 partir du \u00a0prix bord champ \u00bb, a expliqu\u00e9 M. Coulibaly. \u00a0<\/p>\n<p>Les \u00a0contr\u00f4les de terrain \u00ab depuis deux semaines \u00bb montrent que de \u00ab \u00a0Bondoukou \u00e0 Gbelegban, en passant par Daoukro, Prikro, Sakassou, \u00a0Tiebissou, S\u00e9gu\u00e9la ou Mankono, Bouafl\u00e9, jusqu\u2019\u00e0 Touba, aujourd\u2019hui, le \u00a0prix bord champ, c\u2019est 375 Fcfa le Kg \u00bb, a-t-il assur\u00e9.\u00a0<\/p>\n<p>Une \u00a0alternative de la probl\u00e9matique de la commercialisation est la \u00a0transformation. La C\u00f4te d\u2019Ivoire ambitionne de transformer 130.000 \u00a0tonnes en 2019, ce qui devrait permettre au pays d\u2019atteindre un taux \u00a016%. De 2016 \u00e0 2018, le pays est pass\u00e9 de 32.000 tonnes \u00e0 68.000 tonnes \u00a0(44000 tonnes en 2017).\u00a0<\/p>\n<p>La C\u00f4te d\u2019Ivoire est \u00a0le premier pays producteur mondial de noix de cajou. Les achats cumul\u00e9s pour \u00a0cette campagne sont 371.531 tonnes. Ils ont atteint respectivement \u00a0530.977 tonnes et 520.067 tonnes en 2018 et 2017, \u00e0 la m\u00eame p\u00e9riode. Les \u00a0exportations cumul\u00e9es, elles, sont de 245.570 tonnes contre 262.765 \u00a0tonnes en 2018.\u00a0<\/p>\n<\/div>\n<p>Auteur: APA News<br \/>\n<a href=\"https:\/\/www.journalducameroun.com\/fr\/cajou-la-cote-divoire-revoit-sa-production-a-la-baisse-de-800-000-t-a-730-000-t-pour-la-campagne-2019\/\">Cliquez ici pour lire l&rsquo;article depuis sa source.<\/a><\/p>\n","protected":false},"excerpt":{"rendered":"<p>Publi\u00e9 le 09.05.2019 \u00e0 21h18 par APA News Le Conseil coton-anacarde de C\u00f4te d\u2019Ivoire, charg\u00e9 de la r\u00e9gulation de la fili\u00e8re cajou, qui projetait une production de 800.000 tonnes pour la campagne 2019 a revu \u00e0 la baisse ses pr\u00e9visions \u00e0 730.000 tonnes en raison des \u00ab probl\u00e8mes de pluviom\u00e9trie \u00bb.L\u2019information a \u00e9t\u00e9 port\u00e9e \u00e0 [&hellip;]<\/p>\n","protected":false},"author":1965,"featured_media":0,"comment_status":"closed","ping_status":"closed","sticky":false,"template":"","format":"standard","meta":{"fifu_image_url":"","fifu_image_alt":"","footnotes":""},"categories":[73,82],"tags":[],"class_list":["post-33361","post","type-post","status-publish","format-standard","hentry","category-actualite","category-cameroun"],"_links":{"self":[{"href":"https:\/\/linitiative.ca\/International\/wp-json\/wp\/v2\/posts\/33361","targetHints":{"allow":["GET"]}}],"collection":[{"href":"https:\/\/linitiative.ca\/International\/wp-json\/wp\/v2\/posts"}],"about":[{"href":"https:\/\/linitiative.ca\/International\/wp-json\/wp\/v2\/types\/post"}],"author":[{"embeddable":true,"href":"https:\/\/linitiative.ca\/International\/wp-json\/wp\/v2\/users\/1965"}],"replies":[{"embeddable":true,"href":"https:\/\/linitiative.ca\/International\/wp-json\/wp\/v2\/comments?post=33361"}],"version-history":[{"count":0,"href":"https:\/\/linitiative.ca\/International\/wp-json\/wp\/v2\/posts\/33361\/revisions"}],"wp:attachment":[{"href":"https:\/\/linitiative.ca\/International\/wp-json\/wp\/v2\/media?parent=33361"}],"wp:term":[{"taxonomy":"category","embeddable":true,"href":"https:\/\/linitiative.ca\/International\/wp-json\/wp\/v2\/categories?post=33361"},{"taxonomy":"post_tag","embeddable":true,"href":"https:\/\/linitiative.ca\/International\/wp-json\/wp\/v2\/tags?post=33361"}],"curies":[{"name":"wp","href":"https:\/\/api.w.org\/{rel}","templated":true}]}}