{"id":33364,"date":"2019-05-09T16:48:26","date_gmt":"2019-05-09T20:48:26","guid":{"rendered":"https:\/\/linitiative.ca\/International\/cameroun-ferdinand-ngoh-ngoh-combattu-comme-jamais\/"},"modified":"2019-05-09T16:48:26","modified_gmt":"2019-05-09T20:48:26","slug":"cameroun-ferdinand-ngoh-ngoh-combattu-comme-jamais","status":"publish","type":"post","link":"https:\/\/linitiative.ca\/International\/cameroun-ferdinand-ngoh-ngoh-combattu-comme-jamais\/","title":{"rendered":"Cameroun\u00a0: Ferdinand Ngoh Ngoh, combattu comme jamais"},"content":{"rendered":"<div readability=\"32\">\n<p>Publi\u00e9 le 09.05.2019 \u00e0 21h48 par APA News<\/p>\n<\/div>\n<div readability=\"151\">\n<p>Force est de constater que Ferdinand Ngoh Ngoh b\u00e9n\u00e9ficie de la haute confiance de Paul Biya. Une confiance qui ne lui vaudra pas que des fleurs, au contraire\u2026 Du moins, c\u2019est que semble-nous montrer le contexte actuel dans lequel baigne le SGPR.<\/p>\n<p>En effet, jamais dans l\u2019histoire du Cameroun, un Secr\u00e9taire G\u00e9n\u00e9ral de la Pr\u00e9sidence de la R\u00e9publique n\u2019a \u00e9t\u00e9 aussi vilipend\u00e9,\u00a0 calomni\u00e9, d\u00e9nigr\u00e9\u00a0 comme Ferdinand Ngoh Ngoh. \u00c0 mesure que le temps passe, la cabale contre Ferdinand Ngoh Ngoh s\u2019accro\u00eet \u00e0 une vitesse vertigineuse, surtout apr\u00e8s que son patron ait fait de lui ministre d\u2019Etat tout en le\u00a0 maintenant Secr\u00e9taire G\u00e9n\u00e9ral de la Pr\u00e9sidence, le 4 janvier 2019. Autrement dit, apr\u00e8s le Pr\u00e9sident de la R\u00e9publique S.E Paul BIYA, F.N.N devient la personnalit\u00e9 du Cameroun dont le nom est trimball\u00e9 dans la boue, les taxis, les bureaux, voire les chapelles et les mosqu\u00e9es, pis encore, les r\u00e9seaux sociaux, sans oublier les Radios, les journaux et les t\u00e9l\u00e9visions.<\/p>\n<p>Dans une radio de la capitale politique Yaound\u00e9, un animateur dans \u00e9mission s\u2019exclame : \u00ab C\u2019est Ngoh Ngoh qui cr\u00e9e les embouteillages dans les rues de Yaound\u00e9\u2026 C\u2019est Ngoh Ngoh qui cr\u00e9e les d\u00e9lestages du courant \u00e9lectrique partout\u2026 Je vous jure chers auditeurs Ngoh Ngoh sera arr\u00eat\u00e9 ce soir et conduit \u00e0 Kodengui ; C\u2019est son dernier jour comme SG de la Pr\u00e9sidence, Paul Biya que je salue est trop f\u00e2ch\u00e9 de lui ; C\u2019est Ngoh Ngoh qui nomme tous les ministres et les d\u00e9gomme quand et comme il veut ; c\u2019est Ngoh Ngoh qui a cr\u00e9\u00e9 l\u2019inondation sur le nouveau pont du Wouri \u00e0 Douala ; c\u2019est Ngoh Ngoh qui commande la Premi\u00e8re Dame ; c\u2019est Ngoh Ngoh qui\u2026 C\u2019est Ngoh Ngoh qui\u2026\u00bb.<\/p>\n<p>Tous les passagers du taxi \u00e9clatent de rire. Et le conducteur du taxi de conclure : \u00ab Je pr\u00e9f\u00e8re chercher mes 5, 5, francs devant ce volant m\u00eame si c\u2019est dur comment, que d\u2019\u00eatre \u00e0 la place du SG de la Pr\u00e9sidence\u2026<\/p>\n<p>Comment comprendre que le nom du SG de la Pr\u00e9sidence de la R\u00e9publique du Cameroun se pr\u00e9pare dans tous les foyers de la sorte? Serait-ce le sort r\u00e9serv\u00e9 d\u00e9sormais \u00e0 quiconque\u00a0 b\u00e9n\u00e9ficie de la haute confiance du Chef de l\u2019Etat Paul Biya? On est bien tent\u00e9 de dire \u00ab\u00a0H\u00e9las Oui\u00a0\u00bb! ILS en ont d\u00e9cid\u00e9 ainsi : Il faut noyer l\u2019homme \u00e0 tous les prix!<\/p>\n<p>Mais que savons-nous r\u00e9ellement de F.N.N? Si ce n\u2019est un haut commis de l\u2019Etat rompu \u00e0 la t\u00e2che qui arrive au bureau \u00e0 vers 8 heures et trente minutes le matin, et part de l\u00e0 vers minuit et parfois \u00e0 2 heures le lendemain. C\u2019est un \u00ab\u00a0Ouvrier\u00a0\u00bb de Paul Biya d\u00e9vou\u00e9, appliqu\u00e9, ponctuel, assidu au travail, qui coordonne avec dext\u00e9rit\u00e9 le Secr\u00e9tariat G\u00e9n\u00e9ral de la Pr\u00e9sidence de la R\u00e9publique. Si Ferdinand Ngoh Ngoh \u00e9tait un mauvais Ouvrier, Paul Biya l\u2019aurait d\u00e9j\u00e0 renvoy\u00e9 au quartier, voire \u00e0 la 11\u00e8me r\u00e9gion\u2026 Cela fait huit ann\u00e9es qu\u2019il travaille, et le Pr\u00e9sident le juge sur son travail, et non, par les ragots des quartiers.<\/p>\n<p>En lieu et place des reconnaissances et f\u00e9licitations \u00e0 l\u2019endroit de ce digne fils du pays, opini\u00e2tre et dynamique, F.N.N n\u2019\u00e9cope que des tonnes de calomnie, de coups-bas, de d\u00e9nigrements et d\u2019acharnements.<\/p>\n<p>Comme quoi, rendre service \u00e0 son pays devient un d\u00e9shonneur\u2026 Mais il n\u2019en demeure pas moins vrai que Ferdinand Ngoh Ngoh est tout, sauf ce que racontent ses d\u00e9tracteurs et ceux qui ne connaissent pas du tout le travail d\u2019un Secr\u00e9taire G\u00e9n\u00e9ral de la Pr\u00e9sidence de la R\u00e9publique. Tous s\u2019abreuvent \u00e0 la source du comm\u00e9rage et des campagnes de d\u00e9nigrement public par voie des m\u00e9dias, r\u00e9seaux sociaux, les taxis, les bars, les restaurants et d\u2019autres lieux publics, souillant ainsi sans raison un homme int\u00e8gre en manipulant l\u2019opinion.<\/p>\n<p>Ce que l\u2019on devrait retenir, c\u2019est que le Pr\u00e9sident Paul Biya, tant qu\u2019il le juge utile, pour celui qui est au service de la Nation, sa confiance lui sera toujours acquise.<\/p>\n<p><ins data-revive-zoneid=\"9\" data-revive-id=\"10111e19d28d19d031742ee3b0b33eb0\"\/> <\/p>\n<p>Autres faits non moins n\u00e9gligeables en vue d\u2019\u00e9difier l\u2019opinion car cette d\u00e9l\u00e9gation \u00e0 Ferdinand Ngoh Ngoh est loin d\u2019\u00eatre un cas isol\u00e9, c\u2019est que le 04 ao\u00fbt 1994, le PR sur un d\u00e9cret \u00e9galement accordait les m\u00eames pr\u00e9rogatives \u00e0 TITUS EDZOA alors SGPR \u00e0 l\u2019\u00e9poque,\u00a0 sans oublier que hors de nos fronti\u00e8res notamment en France, cel\u00e0 est aussi observ\u00e9 ; en effet, l\u2019arr\u00eat\u00e9 du 18 septembre 2018 portant d\u00e9l\u00e9gation de signature stipulait que :<\/p>\n<p>\u00ab\u00a0Le Pr\u00e9sident de la R\u00e9publique,<\/p>\n<p>Vu la Constitution, notamment son article 13 ;<\/p>\n<p>Vu l\u2019arr\u00eat\u00e9 du 14 mai 2017 portant nomination \u00e0 la pr\u00e9sidence de la R\u00e9publique,<\/p>\n<p>Arr\u00eate :<\/p>\n<p>Article 1<\/p>\n<p>D\u00e9l\u00e9gation est donn\u00e9e \u00e0 M. Alexis Kohler, secr\u00e9taire g\u00e9n\u00e9ral de la pr\u00e9sidence de la R\u00e9publique, \u00e0 l\u2019effet de signer, au nom du Pr\u00e9sident de la R\u00e9publique, tout acte, autre que les d\u00e9crets, pris par le Pr\u00e9sident de la R\u00e9publique en sa qualit\u00e9 d\u2019autorit\u00e9 investie du pouvoir de nomination\u2026\u00a0\u00bb<\/p>\n<p>In fine, l\u2019Ouvrier Ferdinand Ngoh Ngoh en est la preuve palpable.<\/p>\n<\/div>\n<p>Auteur: AFP<br \/>\n<a href=\"https:\/\/www.journalducameroun.com\/fr\/cameroun-ferdinand-ngoh-ngoh-combattu-comme-jamais\/\">Cliquez ici pour lire l&rsquo;article depuis sa source.<\/a><\/p>\n","protected":false},"excerpt":{"rendered":"<p>Publi\u00e9 le 09.05.2019 \u00e0 21h48 par APA News Force est de constater que Ferdinand Ngoh Ngoh b\u00e9n\u00e9ficie de la haute confiance de Paul Biya. Une confiance qui ne lui vaudra pas que des fleurs, au contraire\u2026 Du moins, c\u2019est que semble-nous montrer le contexte actuel dans lequel baigne le SGPR. En effet, jamais dans l\u2019histoire [&hellip;]<\/p>\n","protected":false},"author":1965,"featured_media":0,"comment_status":"closed","ping_status":"closed","sticky":false,"template":"","format":"standard","meta":{"fifu_image_url":"","fifu_image_alt":"","footnotes":""},"categories":[73,82],"tags":[],"class_list":["post-33364","post","type-post","status-publish","format-standard","hentry","category-actualite","category-cameroun"],"_links":{"self":[{"href":"https:\/\/linitiative.ca\/International\/wp-json\/wp\/v2\/posts\/33364","targetHints":{"allow":["GET"]}}],"collection":[{"href":"https:\/\/linitiative.ca\/International\/wp-json\/wp\/v2\/posts"}],"about":[{"href":"https:\/\/linitiative.ca\/International\/wp-json\/wp\/v2\/types\/post"}],"author":[{"embeddable":true,"href":"https:\/\/linitiative.ca\/International\/wp-json\/wp\/v2\/users\/1965"}],"replies":[{"embeddable":true,"href":"https:\/\/linitiative.ca\/International\/wp-json\/wp\/v2\/comments?post=33364"}],"version-history":[{"count":0,"href":"https:\/\/linitiative.ca\/International\/wp-json\/wp\/v2\/posts\/33364\/revisions"}],"wp:attachment":[{"href":"https:\/\/linitiative.ca\/International\/wp-json\/wp\/v2\/media?parent=33364"}],"wp:term":[{"taxonomy":"category","embeddable":true,"href":"https:\/\/linitiative.ca\/International\/wp-json\/wp\/v2\/categories?post=33364"},{"taxonomy":"post_tag","embeddable":true,"href":"https:\/\/linitiative.ca\/International\/wp-json\/wp\/v2\/tags?post=33364"}],"curies":[{"name":"wp","href":"https:\/\/api.w.org\/{rel}","templated":true}]}}