{"id":33366,"date":"2019-05-09T16:50:03","date_gmt":"2019-05-09T20:50:03","guid":{"rendered":"https:\/\/linitiative.ca\/International\/les-arabes-israeliens-commemorent-la-catastrophe-de-lexode-des-palestiniens-en-1948\/"},"modified":"2019-05-09T16:50:03","modified_gmt":"2019-05-09T20:50:03","slug":"les-arabes-israeliens-commemorent-la-catastrophe-de-lexode-des-palestiniens-en-1948","status":"publish","type":"post","link":"https:\/\/linitiative.ca\/International\/les-arabes-israeliens-commemorent-la-catastrophe-de-lexode-des-palestiniens-en-1948\/","title":{"rendered":"Les Arabes isra\u00e9liens comm\u00e9morent la \u00ab\u00a0catastrophe\u00a0\u00bb de l\u2019exode des Palestiniens en 1948"},"content":{"rendered":"<div readability=\"32\">\n<p>Publi\u00e9 le 09.05.2019 \u00e0 21h50 par AFP<\/p>\n<\/div>\n<div readability=\"82\">\n<p>Des milliers d\u2019Arabes isra\u00e9liens et de Palestiniens ont manifest\u00e9 jeudi pour comm\u00e9morer la \u00ab\u00a0Nakba\u00a0\u00bb ou la \u00ab\u00a0catastrophe\u00a0\u00bb qu\u2019a repr\u00e9sent\u00e9e pour eux la cr\u00e9ation d\u2019Isra\u00ebl et qui a \u00e9t\u00e9 synonyme d\u2019exode pour des centaines de milliers de Palestiniens.<\/p>\n<p>Les juifs isra\u00e9liens c\u00e9l\u00e8brent parall\u00e8lement jeudi le \u00ab\u00a0jour de l\u2019Ind\u00e9pendance\u00a0\u00bb, anniversaire de la proclamation de l\u2019Etat d\u2019Isra\u00ebl le 14 mai 1948 qui tombe cette ann\u00e9e, selon le calendrier juif, le 9 mai.<\/p>\n<p>Apr\u00e8s cette proclamation, plus de 760.000 Palestiniens ont \u00e9t\u00e9 pouss\u00e9s \u00e0 l\u2019exode ou chass\u00e9s de chez eux et plus de 400 localit\u00e9s ont \u00e9t\u00e9 ras\u00e9es par les forces isra\u00e9liennes. Ils r\u00e9clament depuis le droit au retour.<\/p>\n<p>Isra\u00ebl refuse, faisant valoir qu\u2019autoriser m\u00eame une fraction d\u2019entre eux \u00e0 revenir reviendrait \u00e0 proclamer sa propre fin en tant qu\u2019Etat juif.<\/p>\n<p>Jeudi, des milliers d\u2019Arabes isra\u00e9liens et des Palestiniens de J\u00e9rusalem-Est, secteur palestinien de la ville sainte occup\u00e9 et annex\u00e9 par Isra\u00ebl, ont manifest\u00e9 pr\u00e8s de la ville arabe d\u2019Umm al-Fahm, dans le nord d\u2019Isra\u00ebl, brandissant des drapeaux palestiniens, selon un photographe de l\u2019AFP.<\/p>\n<p><ins data-revive-zoneid=\"9\" data-revive-id=\"10111e19d28d19d031742ee3b0b33eb0\"\/> <\/p>\n<p>Sur le site d\u2019un village palestinien qui a \u00e9t\u00e9 d\u00e9moli lors de la guerre qui a suivi la proclamation d\u2019Isra\u00ebl, ils ont \u00e9galement chant\u00e9 l\u2019hymne palestinien et scand\u00e9: \u00ab\u00a0Votre jour de l\u2019ind\u00e9pendance est notre catastrophe\u00a0\u00bb.<\/p>\n<p>Les Arabes isra\u00e9liens sont les descendants de Palestiniens rest\u00e9s sur leurs terres apr\u00e8s 1948. Ils repr\u00e9sentent environ 17,5% des pr\u00e8s de 9 millions d\u2019Isra\u00e9liens. Ils soutiennent en majorit\u00e9 la cause palestinienne.<\/p>\n<p>\u00ab\u00a0La comm\u00e9moration de la Nakba a pris une importance exceptionnelle cette ann\u00e9e, avec le besoin de (\u2026) contrecarrer\u00a0\u00bb le plan de paix que doivent d\u00e9voiler prochainement les Etats-Unis, a d\u00e9clar\u00e9 lors de la manifestation Ayman Odeh, un d\u00e9put\u00e9 arabe du Parlement isra\u00e9lien.<\/p>\n<p>Les Palestiniens rejettent ce plan avant m\u00eame de le conna\u00eetre tant l\u2019administration de Donald Trump s\u2019est discr\u00e9dit\u00e9e \u00e0 leurs yeux par ses mesures hostiles \u00e0 leur cause et fonci\u00e8rement pro-isra\u00e9liennes selon eux.<\/p>\n<\/div>\n<p>Auteur: AFP<br \/>\n<a href=\"https:\/\/www.journalducameroun.com\/fr\/les-arabes-israeliens-commemorent-la-catastrophe-de-lexode-des-palestiniens-en-1948\/\">Cliquez ici pour lire l&rsquo;article depuis sa source.<\/a><\/p>\n","protected":false},"excerpt":{"rendered":"<p>Publi\u00e9 le 09.05.2019 \u00e0 21h50 par AFP Des milliers d\u2019Arabes isra\u00e9liens et de Palestiniens ont manifest\u00e9 jeudi pour comm\u00e9morer la \u00ab\u00a0Nakba\u00a0\u00bb ou la \u00ab\u00a0catastrophe\u00a0\u00bb qu\u2019a repr\u00e9sent\u00e9e pour eux la cr\u00e9ation d\u2019Isra\u00ebl et qui a \u00e9t\u00e9 synonyme d\u2019exode pour des centaines de milliers de Palestiniens. Les juifs isra\u00e9liens c\u00e9l\u00e8brent parall\u00e8lement jeudi le \u00ab\u00a0jour de l\u2019Ind\u00e9pendance\u00a0\u00bb, anniversaire [&hellip;]<\/p>\n","protected":false},"author":1965,"featured_media":0,"comment_status":"closed","ping_status":"closed","sticky":false,"template":"","format":"standard","meta":{"fifu_image_url":"","fifu_image_alt":"","footnotes":""},"categories":[73,82],"tags":[],"class_list":["post-33366","post","type-post","status-publish","format-standard","hentry","category-actualite","category-cameroun"],"_links":{"self":[{"href":"https:\/\/linitiative.ca\/International\/wp-json\/wp\/v2\/posts\/33366","targetHints":{"allow":["GET"]}}],"collection":[{"href":"https:\/\/linitiative.ca\/International\/wp-json\/wp\/v2\/posts"}],"about":[{"href":"https:\/\/linitiative.ca\/International\/wp-json\/wp\/v2\/types\/post"}],"author":[{"embeddable":true,"href":"https:\/\/linitiative.ca\/International\/wp-json\/wp\/v2\/users\/1965"}],"replies":[{"embeddable":true,"href":"https:\/\/linitiative.ca\/International\/wp-json\/wp\/v2\/comments?post=33366"}],"version-history":[{"count":0,"href":"https:\/\/linitiative.ca\/International\/wp-json\/wp\/v2\/posts\/33366\/revisions"}],"wp:attachment":[{"href":"https:\/\/linitiative.ca\/International\/wp-json\/wp\/v2\/media?parent=33366"}],"wp:term":[{"taxonomy":"category","embeddable":true,"href":"https:\/\/linitiative.ca\/International\/wp-json\/wp\/v2\/categories?post=33366"},{"taxonomy":"post_tag","embeddable":true,"href":"https:\/\/linitiative.ca\/International\/wp-json\/wp\/v2\/tags?post=33366"}],"curies":[{"name":"wp","href":"https:\/\/api.w.org\/{rel}","templated":true}]}}