{"id":33386,"date":"2019-05-10T07:36:47","date_gmt":"2019-05-10T11:36:47","guid":{"rendered":"https:\/\/linitiative.ca\/International\/traversee-de-latlantique-dans-un-tonneau-laventurier-est-arrive-en-martinique\/"},"modified":"2019-05-10T07:36:47","modified_gmt":"2019-05-10T11:36:47","slug":"traversee-de-latlantique-dans-un-tonneau-laventurier-est-arrive-en-martinique","status":"publish","type":"post","link":"https:\/\/linitiative.ca\/International\/traversee-de-latlantique-dans-un-tonneau-laventurier-est-arrive-en-martinique\/","title":{"rendered":"Travers\u00e9e de l\u2019Atlantique dans un tonneau :  L\u2019aventurier est arriv\u00e9 en Martinique"},"content":{"rendered":"<header>\n<div class=\"entry-post-meta\">\n<div class=\"author-link\">Publi\u00e9 par <a itemprop=\"author\" itemscope=\"\" itemtype=\"https:\/\/schema.org\/Person\" href=\"http:\/\/aujourdhui.ma\/profile\/kaid\" rel=\"author\"><span itemprop=\"name\">ALM<\/span><\/a><\/div>\n<p>Date\u00a0:<time content=\"2019-05-10T11:36:47+00:00\" class=\"entry-date updated\" datetime=\"2019-05-10T11:36:47+00:00\">mai 10, 2019<\/time><\/p>\n<div class=\"entry-cat\">dans:<a href=\"http:\/\/aujourdhui.ma\/category\/monde\" rel=\"category tag\">Monde<\/a><\/div>\n<p>0 Vues<\/p>\n<\/div>\n<\/header>\n<div class=\"entry-content clearfix\" readability=\"62\"><img decoding=\"async\" class=\"post_layout_5_img\" src=\"http:\/\/aujourdhui.ma\/wp-content\/uploads\/2019\/05\/Traverse%CC%81e-de-l%E2%80%99Atlantique-dans-un-tonneau-L%E2%80%99aventurier-est-arrive%CC%81-en-Martinique.jpg?x29840\" alt=\"Travers\u00e9e de l\u2019Atlantique dans un tonneau : L\u2019aventurier est arriv\u00e9 en Martinique\"\/><\/p>\n<p class=\"p1\"><span class=\"c4\"><strong><span class=\"s1\">C\u2019est de nuit que l\u2019aventurier Jean-Jacques Savin est arriv\u00e9 jeudi en Martinique, destination finale d\u2019un p\u00e9riple de plus de quatre mois, ballott\u00e9 par les courants de l\u2019Atlantique dans son tonneau orange.<\/span><\/strong><\/span><span id=\"more-310956\"\/><\/p>\n<p class=\"p1\"><span class=\"s1\">Ce fut <em>\u00abun voyage passionnant mais aussi tr\u00e8s risqu\u00e9\u00bb<\/em>, a expliqu\u00e9 l\u2019ancien militaire de 72 ans apr\u00e8s son arriv\u00e9e \u00e0 1 heure (heure locale) et ses retrouvailles avec sa compagne Josyane ainsi que son ami Pierre Galzot qui l\u2019attendaient sur le quai \u00e0 Fort-de-France. Jean-Jacques Savin avait quitt\u00e9 son tonneau vendredi dernier apr\u00e8s 127 jours et 5.800 km de mer pour monter sur un p\u00e9trolier en direction de l\u2019\u00eele n\u00e9erlandaise de Saint-Eustache (Cara\u00efbes). Apr\u00e8s un peu de repos \u00e0 Saint-Eustache, le baroudeur et son tonneau ont \u00e9t\u00e9 pris en charge par un remorqueur fran\u00e7ais, venu sp\u00e9cialement le chercher pour le ramener en Martinique.<\/span><\/p>\n<p class=\"p1\"><span class=\"s1\">Sur le quai du port foyalais, Pierre Galzot a retrouv\u00e9 son ami, v\u00eatu d\u2019un t-shirt orange aux couleurs de son tonneau, \u00ab\u00e9gal \u00e0 lui-m\u00eame\u00bb. <em>\u00abC\u2019est le Jean-Jacques Savin que je connais depuis 40 ans. Un gar\u00e7on extr\u00eamement r\u00e9silient, qui \u00e9tait tr\u00e8s tr\u00e8s bien entra\u00een\u00e9. L\u00e0, sinc\u00e8rement, il n\u2019est pas trop amaigri\u200b\u00bb<\/em>, a assur\u00e9 Pierre Galzot, m\u00e9decin de profession, qui a <em>\u00abquand m\u00eame recommand\u00e9\u00bb<\/em> \u00e0 son ami d\u2019aller <em>\u00abfaire un bilan complet\u00bb<\/em> \u00e0 l\u2019h\u00f4pital. Durant son p\u00e9riple, l\u2019aventurier a perdu 4 kilos, un par mois. A bord de sa capsule de 3 m\u00e8tres de long et de 2m10 de diam\u00e8tre principal, il a d\u00fb \u00e9voluer dans un espace de vie de 6 m2 seulement. Jean-Jacques Savin s\u2019\u00e9tait lanc\u00e9 le 26 d\u00e9cembre de l\u2019\u00eele d\u2019El Hierro dans les Canaries pour traverser l\u2019Atlantique, m\u00fb par la seule force des courants.<\/span><\/p>\n<\/div>\n<p>Auteur: ALM<br \/>\n<a href=\"http:\/\/aujourdhui.ma\/monde\/traversee-de-latlantique-dans-un-tonneau-laventurier-est-arrive-en-martinique\">Cliquez ici pour lire l&rsquo;article depuis sa source.<\/a><\/p>\n","protected":false},"excerpt":{"rendered":"<p>Publi\u00e9 par ALM Date\u00a0:mai 10, 2019 dans:Monde 0 Vues C\u2019est de nuit que l\u2019aventurier Jean-Jacques Savin est arriv\u00e9 jeudi en Martinique, destination finale d\u2019un p\u00e9riple de plus de quatre mois, ballott\u00e9 par les courants de l\u2019Atlantique dans son tonneau orange. Ce fut \u00abun voyage passionnant mais aussi tr\u00e8s risqu\u00e9\u00bb, a expliqu\u00e9 l\u2019ancien militaire de 72 [&hellip;]<\/p>\n","protected":false},"author":1759,"featured_media":0,"comment_status":"closed","ping_status":"closed","sticky":false,"template":"","format":"standard","meta":{"fifu_image_url":"","fifu_image_alt":"","footnotes":""},"categories":[73,54],"tags":[],"class_list":["post-33386","post","type-post","status-publish","format-standard","hentry","category-actualite","category-maroc"],"_links":{"self":[{"href":"https:\/\/linitiative.ca\/International\/wp-json\/wp\/v2\/posts\/33386","targetHints":{"allow":["GET"]}}],"collection":[{"href":"https:\/\/linitiative.ca\/International\/wp-json\/wp\/v2\/posts"}],"about":[{"href":"https:\/\/linitiative.ca\/International\/wp-json\/wp\/v2\/types\/post"}],"author":[{"embeddable":true,"href":"https:\/\/linitiative.ca\/International\/wp-json\/wp\/v2\/users\/1759"}],"replies":[{"embeddable":true,"href":"https:\/\/linitiative.ca\/International\/wp-json\/wp\/v2\/comments?post=33386"}],"version-history":[{"count":0,"href":"https:\/\/linitiative.ca\/International\/wp-json\/wp\/v2\/posts\/33386\/revisions"}],"wp:attachment":[{"href":"https:\/\/linitiative.ca\/International\/wp-json\/wp\/v2\/media?parent=33386"}],"wp:term":[{"taxonomy":"category","embeddable":true,"href":"https:\/\/linitiative.ca\/International\/wp-json\/wp\/v2\/categories?post=33386"},{"taxonomy":"post_tag","embeddable":true,"href":"https:\/\/linitiative.ca\/International\/wp-json\/wp\/v2\/tags?post=33386"}],"curies":[{"name":"wp","href":"https:\/\/api.w.org\/{rel}","templated":true}]}}