{"id":33387,"date":"2019-05-10T07:50:05","date_gmt":"2019-05-10T11:50:05","guid":{"rendered":"https:\/\/linitiative.ca\/International\/rencontre-sur-la-protection-sociale-de-la-femme-ouvriere-au-parlement\/"},"modified":"2019-05-10T07:50:05","modified_gmt":"2019-05-10T11:50:05","slug":"rencontre-sur-la-protection-sociale-de-la-femme-ouvriere-au-parlement","status":"publish","type":"post","link":"https:\/\/linitiative.ca\/International\/rencontre-sur-la-protection-sociale-de-la-femme-ouvriere-au-parlement\/","title":{"rendered":"Rencontre sur la protection sociale  de la femme ouvri\u00e8re au Parlement"},"content":{"rendered":"<header>\n<div class=\"entry-post-meta\">\n<div class=\"author-link\">Publi\u00e9 par <a itemprop=\"author\" itemscope=\"\" itemtype=\"https:\/\/schema.org\/Person\" href=\"http:\/\/aujourdhui.ma\/profile\/kaid\" rel=\"author\"><span itemprop=\"name\">ALM<\/span><\/a><\/div>\n<p>Date\u00a0:<time content=\"2019-05-10T11:50:05+00:00\" class=\"entry-date updated\" datetime=\"2019-05-10T11:50:05+00:00\">mai 10, 2019<\/time><\/p>\n<div class=\"entry-cat\">dans:<a href=\"http:\/\/aujourdhui.ma\/category\/emploi\" rel=\"category tag\">Emploi<\/a><\/div>\n<p>0 Vues<\/p>\n<\/div>\n<\/header>\n<div class=\"entry-content clearfix\" readability=\"55\"><img decoding=\"async\" class=\"post_layout_5_img\" src=\"http:\/\/aujourdhui.ma\/wp-content\/uploads\/2017\/03\/Textile-employes-usine.jpg?x29840\" alt=\"Rencontre sur la protection sociale de la femme ouvri\u00e8re au Parlement\"\/><\/p>\n<p class=\"p1\"><span class=\"s1\"><span class=\"c4\"><strong>Une rencontre sur la protection sociale de la femme ouvri\u00e8re s\u2019est tenue, mercredi<span class=\"Apple-converted-space\">\u00a0<\/span> 8 mai \u00e0 Rabat, \u00e0 l\u2019initiative du Groupe de travail th\u00e9matique sur l\u2019\u00e9galit\u00e9 et la parit\u00e9 \u00e0 la Chambre des repr\u00e9sentants, en pr\u00e9sence du ministre de l\u2019emploi et de l\u2019insertion professionnelle, Mohamed Yatim.<\/strong><\/span><\/span> <span id=\"more-310965\"\/><\/p>\n<p class=\"p1\"><span class=\"s1\">Le ministre a pass\u00e9 en revue les divers programmes visant \u00e0 mettre en place un syst\u00e8me social complet, cibl\u00e9 et durable pour consolider la condition des femmes dans divers \u00e9tablissements, rappelant dans ce sens la mise en \u0153uvre des diff\u00e9rents chantiers du Plan gouvernemental pour l\u2019\u00e9galit\u00e9 \u00abIkram 2\u00bb, destin\u00e9 \u00e0 consacrer l\u2019autonomisation \u00e9conomique de la femme et \u00e0 promouvoir l\u2019entreprise f\u00e9minine.<\/span><\/p>\n<p class=\"p1\"><span class=\"s1\">De son c\u00f4t\u00e9, la pr\u00e9sidente du Groupe de travail th\u00e9matique sur l\u2019\u00e9galit\u00e9 et la parit\u00e9 \u00e0 la Chambre des repr\u00e9sentants, Khadija Ziyani, a indiqu\u00e9 que<span class=\"Apple-converted-space\">\u00a0<\/span> l\u2019objectif de cette r\u00e9union est de formuler des recommandations pour une meilleure am\u00e9lioration de la protection sociale des femmes ouvri\u00e8res.<\/span><\/p>\n<\/div>\n<p>Auteur: ALM<br \/>\n<a href=\"http:\/\/aujourdhui.ma\/emploi\/rencontre-sur-la-protection-sociale-de-la-femme-ouvriere-au-parlement\">Cliquez ici pour lire l&rsquo;article depuis sa source.<\/a><\/p>\n","protected":false},"excerpt":{"rendered":"<p>Publi\u00e9 par ALM Date\u00a0:mai 10, 2019 dans:Emploi 0 Vues Une rencontre sur la protection sociale de la femme ouvri\u00e8re s\u2019est tenue, mercredi\u00a0 8 mai \u00e0 Rabat, \u00e0 l\u2019initiative du Groupe de travail th\u00e9matique sur l\u2019\u00e9galit\u00e9 et la parit\u00e9 \u00e0 la Chambre des repr\u00e9sentants, en pr\u00e9sence du ministre de l\u2019emploi et de l\u2019insertion professionnelle, Mohamed Yatim. [&hellip;]<\/p>\n","protected":false},"author":1759,"featured_media":0,"comment_status":"closed","ping_status":"closed","sticky":false,"template":"","format":"standard","meta":{"fifu_image_url":"","fifu_image_alt":"","footnotes":""},"categories":[73,54],"tags":[],"class_list":["post-33387","post","type-post","status-publish","format-standard","hentry","category-actualite","category-maroc"],"_links":{"self":[{"href":"https:\/\/linitiative.ca\/International\/wp-json\/wp\/v2\/posts\/33387","targetHints":{"allow":["GET"]}}],"collection":[{"href":"https:\/\/linitiative.ca\/International\/wp-json\/wp\/v2\/posts"}],"about":[{"href":"https:\/\/linitiative.ca\/International\/wp-json\/wp\/v2\/types\/post"}],"author":[{"embeddable":true,"href":"https:\/\/linitiative.ca\/International\/wp-json\/wp\/v2\/users\/1759"}],"replies":[{"embeddable":true,"href":"https:\/\/linitiative.ca\/International\/wp-json\/wp\/v2\/comments?post=33387"}],"version-history":[{"count":0,"href":"https:\/\/linitiative.ca\/International\/wp-json\/wp\/v2\/posts\/33387\/revisions"}],"wp:attachment":[{"href":"https:\/\/linitiative.ca\/International\/wp-json\/wp\/v2\/media?parent=33387"}],"wp:term":[{"taxonomy":"category","embeddable":true,"href":"https:\/\/linitiative.ca\/International\/wp-json\/wp\/v2\/categories?post=33387"},{"taxonomy":"post_tag","embeddable":true,"href":"https:\/\/linitiative.ca\/International\/wp-json\/wp\/v2\/tags?post=33387"}],"curies":[{"name":"wp","href":"https:\/\/api.w.org\/{rel}","templated":true}]}}