{"id":33388,"date":"2019-05-10T07:59:23","date_gmt":"2019-05-10T11:59:23","guid":{"rendered":"https:\/\/linitiative.ca\/International\/promotion-de-la-formation-artistique-et-musicale-le-reseau-des-conservatoires-de-musique-selargit-au-titre-de-lannee-2019\/"},"modified":"2019-05-10T07:59:23","modified_gmt":"2019-05-10T11:59:23","slug":"promotion-de-la-formation-artistique-et-musicale-le-reseau-des-conservatoires-de-musique-selargit-au-titre-de-lannee-2019","status":"publish","type":"post","link":"https:\/\/linitiative.ca\/International\/promotion-de-la-formation-artistique-et-musicale-le-reseau-des-conservatoires-de-musique-selargit-au-titre-de-lannee-2019\/","title":{"rendered":"Promotion de la formation artistique et musicale : Le r\u00e9seau des conservatoires de musique s\u2019\u00e9largit au titre de l\u2019ann\u00e9e 2019"},"content":{"rendered":"<p><img decoding=\"async\" class=\"post_layout_5_img\" src=\"http:\/\/aujourdhui.ma\/wp-content\/uploads\/2019\/05\/Formation-artistique-et-musicale-conservatoires-de-musique-et-d%E2%80%99art-chore%CC%81graphique.jpg?x29840\" alt=\"Promotion de la formation artistique et musicale : Le r\u00e9seau des conservatoires de musique s\u2019\u00e9largit au titre de l\u2019ann\u00e9e 2019\"\/><\/p>\n<p class=\"p1\"><span class=\"c4\"><strong><span class=\"s1\">Le minist\u00e8re de la culture et de la communication -d\u00e9partement de la culture- s\u2019est attel\u00e9 durant l\u2019ann\u00e9e 2019, dans le cadre de sa strat\u00e9gie de gestion relative \u00e0 la promotion de la formation artistique et musicale, \u00e0 g\u00e9n\u00e9raliser la pr\u00e9sence de conservatoires de musique et d\u2019art chor\u00e9graphique au niveau des diff\u00e9rentes r\u00e9gions du Royaume, ainsi qu\u2019\u00e0 promouvoir l\u2019aspect technique relatif \u00e0 l\u2019acc\u00e8s \u00e0 ces conservatoires qui sont au nombre de 31.<\/span><\/strong><\/span><span id=\"more-310977\"\/><\/p>\n<p class=\"p1\"><span class=\"s1\">Dans un communiqu\u00e9 du minist\u00e8re \u00e0 l\u2019occasion de la journ\u00e9e nationale de la musique (7 mai), le d\u00e9partement rel\u00e8ve que l\u2019acc\u00e8s \u00e0 la formation musicale pour les diff\u00e9rentes tranches d\u2019\u00e2ge a \u00e9t\u00e9 facilit\u00e9, puisque plusieurs enfants profitent de ces conservatoires d\u00e8s l\u2019\u00e2ge de 6 ans, en vue de les former dans le domaine musical et chor\u00e9graphique et de les int\u00e9grer dans les orchestres des instituts et promouvoir leur cr\u00e9ativit\u00e9.<\/span><\/p>\n<p class=\"p1\"><span class=\"s1\">\u00c0 cet \u00e9gard, cette ann\u00e9e a \u00e9t\u00e9 marqu\u00e9e par la cr\u00e9ation de conservatoires de musique, dont certains ont \u00e9t\u00e9 lanc\u00e9s au m\u00eame titre que l\u2019ann\u00e9e scolaire dans les villes de Kh\u00e9nifra, Kelaa des Sraghna et Khouribga, alors que neuf autres seront cr\u00e9\u00e9s l\u2019ann\u00e9e prochaine dans les villes d\u2019El Jadida, Al Hoceima, Fnideq, Ouezzane, Martil, Taza, Tiznit et Taounate.<\/span><\/p>\n<p class=\"p1\"><span class=\"s1\">S\u2019agissant de l\u2019encouragement des investissements dans le domaine de l\u2019enseignement musical et chor\u00e9graphique, le minist\u00e8re, qui compte mettre en place un Institut national sup\u00e9rieur de musique et de chor\u00e9graphie en 2020, a octroy\u00e9 15 autorisations \u00e0 des conservatoires priv\u00e9s de musique.<\/span><\/p>\n<p class=\"p1\"><span class=\"s1\">Parall\u00e8lement \u00e0 ces efforts, ajoute le communiqu\u00e9, le minist\u00e8re \u0153uvre \u00e0 renforcer le r\u00e9seau de centres culturels r\u00e9partis sur les r\u00e9gions du Royaume et qui sont charg\u00e9s de fournir des services li\u00e9s \u00e0 l\u2019\u00e9ducation musicale et artistique pour toutes les tranches d\u2019\u00e2ge. Le minist\u00e8re se penche actuellement sur l\u2019\u00e9laboration d\u2019un programme national de l\u2019\u00e9ducation artistique sous le signe \u00abL\u2019\u00e9ducation artistique et esth\u00e9tique, levier du d\u00e9veloppement culturel\u00bb. Ce programme, qui comprend tous les domaines de cr\u00e9ation artistique, dont la musique et la chor\u00e9graphie, comporte des ateliers de sensibilisation et de formation des enfants et des jeunes, organis\u00e9s toute l\u2019ann\u00e9e dans les diff\u00e9rents centres culturels du Royaume. En c\u00e9l\u00e9bration de la journ\u00e9e nationale de la musique, le minist\u00e8re a programm\u00e9 plusieurs activit\u00e9s culturelles et artistiques anim\u00e9es par des groupes musicaux relevant des conservatoires du Royaume. Il s\u2019agit, selon le minist\u00e8re, d\u2019un spectacle artistique anim\u00e9, le 3 mai au Th\u00e9\u00e2tre Mohammed VI d\u2019Oujda, par la troupe du conservatoire r\u00e9gional de musique et d\u2019art chor\u00e9graphique \u00e0 Oujda.<\/span><\/p>\n<p>Auteur: ALM<br \/>\n<a href=\"http:\/\/aujourdhui.ma\/culture\/promotion-de-la-formation-artistique-et-musicale-le-reseau-des-conservatoires-de-musique-selargit-au-titre-de-lannee-2019\">Cliquez ici pour lire l&rsquo;article depuis sa source.<\/a><\/p>\n","protected":false},"excerpt":{"rendered":"<p>Le minist\u00e8re de la culture et de la communication -d\u00e9partement de la culture- s\u2019est attel\u00e9 durant l\u2019ann\u00e9e 2019, dans le cadre de sa strat\u00e9gie de gestion relative \u00e0 la promotion de la formation artistique et musicale, \u00e0 g\u00e9n\u00e9raliser la pr\u00e9sence de conservatoires de musique et d\u2019art chor\u00e9graphique au niveau des diff\u00e9rentes r\u00e9gions du Royaume, ainsi [&hellip;]<\/p>\n","protected":false},"author":1759,"featured_media":0,"comment_status":"closed","ping_status":"closed","sticky":false,"template":"","format":"standard","meta":{"fifu_image_url":"","fifu_image_alt":"","footnotes":""},"categories":[73,54],"tags":[],"class_list":["post-33388","post","type-post","status-publish","format-standard","hentry","category-actualite","category-maroc"],"_links":{"self":[{"href":"https:\/\/linitiative.ca\/International\/wp-json\/wp\/v2\/posts\/33388","targetHints":{"allow":["GET"]}}],"collection":[{"href":"https:\/\/linitiative.ca\/International\/wp-json\/wp\/v2\/posts"}],"about":[{"href":"https:\/\/linitiative.ca\/International\/wp-json\/wp\/v2\/types\/post"}],"author":[{"embeddable":true,"href":"https:\/\/linitiative.ca\/International\/wp-json\/wp\/v2\/users\/1759"}],"replies":[{"embeddable":true,"href":"https:\/\/linitiative.ca\/International\/wp-json\/wp\/v2\/comments?post=33388"}],"version-history":[{"count":0,"href":"https:\/\/linitiative.ca\/International\/wp-json\/wp\/v2\/posts\/33388\/revisions"}],"wp:attachment":[{"href":"https:\/\/linitiative.ca\/International\/wp-json\/wp\/v2\/media?parent=33388"}],"wp:term":[{"taxonomy":"category","embeddable":true,"href":"https:\/\/linitiative.ca\/International\/wp-json\/wp\/v2\/categories?post=33388"},{"taxonomy":"post_tag","embeddable":true,"href":"https:\/\/linitiative.ca\/International\/wp-json\/wp\/v2\/tags?post=33388"}],"curies":[{"name":"wp","href":"https:\/\/api.w.org\/{rel}","templated":true}]}}