{"id":33389,"date":"2019-05-10T08:00:48","date_gmt":"2019-05-10T12:00:48","guid":{"rendered":"https:\/\/linitiative.ca\/International\/le-cnesten-a-ouvert-ses-portes-aux-medias-au-coeur-du-nucleaire-marocain\/"},"modified":"2019-05-10T08:00:48","modified_gmt":"2019-05-10T12:00:48","slug":"le-cnesten-a-ouvert-ses-portes-aux-medias-au-coeur-du-nucleaire-marocain","status":"publish","type":"post","link":"https:\/\/linitiative.ca\/International\/le-cnesten-a-ouvert-ses-portes-aux-medias-au-coeur-du-nucleaire-marocain\/","title":{"rendered":"Le Cnesten a ouvert ses portes aux m\u00e9dias : Au c\u0153ur du nucl\u00e9aire marocain"},"content":{"rendered":"<p><img decoding=\"async\" class=\"post_layout_5_img\" src=\"http:\/\/aujourdhui.ma\/wp-content\/uploads\/2019\/05\/Aziz-Rabbah-Centre-national-de-l%E2%80%99e%CC%81nergie-des-sciences-et-des-techniques-nucle%CC%81aires-CNESTEN.jpg?x29840\" alt=\"Le Cnesten a ouvert ses portes aux m\u00e9dias : Au c\u0153ur du nucl\u00e9aire marocain\"\/><\/p>\n<p class=\"p1\"><span class=\"s1\"><span class=\"c4\"><strong><em>\u00abEn cette ann\u00e9e, le Centre national de l\u2019\u00e9nergie des sciences et des techniques nucl\u00e9aires (CNESTEN) produira une mati\u00e8re m\u00e9dicale\u00bb.<\/em><\/strong><\/span><\/span><span id=\"more-310953\"\/><\/p>\n<p class=\"p1\"><span class=\"s1\">La nouvelle est annonc\u00e9e, mercredi dans le site de ce centre sis \u00e0 Ma\u00e2moura (Sal\u00e9), par Aziz Rabbah, ministre de l\u2019\u00e9nergie, des mines et du d\u00e9veloppement durable, qui pr\u00e9cise qu\u2019un travail est, pour l\u2019heure, men\u00e9 avec le minist\u00e8re de l\u2019industrie, de l\u2019investissement, du commerce et de l\u2019\u00e9conomie num\u00e9rique. Quant \u00e0 cette mati\u00e8re m\u00e9dicale, elle concerne l\u2019iode 131.<\/span><\/p>\n<p class=\"p3\"><span class=\"s1\"><strong>Une dose \u00e0 3.000 DH<\/strong><\/span><\/p>\n<p class=\"p1\"><span class=\"s1\">Si la dose de cette substance, utilis\u00e9e en m\u00e9decine nucl\u00e9aire pour le traitement de certains cancers, co\u00fbte environ 14.000 DH, elle est de 3.000 DH de par l\u2019apport de ce centre. En produisant cette mati\u00e8re, le centre veut, selon son directeur g\u00e9n\u00e9ral, Khalid El Mediouri, <em>\u00abcouvrir l\u2019ensemble du march\u00e9 national en iode\u00bb.<\/em> Une d\u00e9marche qui abonde dans le sens des missions du centre qui a pour r\u00f4le de promouvoir les techniques nucl\u00e9aires. D\u00e9j\u00e0, le Cnesten, qui existe depuis plus de 30 ans au Maroc, dispose d\u2019un r\u00e9acteur nucl\u00e9aire de recherche. <em>\u00abLe centre intervient dans la sant\u00e9, l\u2019industrie, l\u2019eau et l\u2019agriculture\u00bb,<\/em> d\u00e9taille-t-il. Ce centre intervient \u00e9galement en nutrition \u00e0 travers l\u2019utilisation de techniques isotopiques dans les programmes nationaux de lutte contre les carences en micronutriments.<\/span><\/p>\n<p class=\"p3\"><span class=\"s1\"><strong>Intervention en eau, agriculture et environnement<\/strong><\/span><\/p>\n<p class=\"p1\"><span class=\"s1\">En eau, le centre recourt, comme l\u2019ont r\u00e9v\u00e9l\u00e9 les explications donn\u00e9es lors de la visite \u00e0 la division eau, sol et climat chapeaut\u00e9e par Moncef Benmansour au sein de cette structure, des techniques nucl\u00e9aires isotopiques pour avoir des informations sur les eaux de surface et souterraines ainsi que les nappes phr\u00e9atiques. En agriculture, le centre fait usage de techniques pour des \u00e9tudes d\u2019\u00e9valuation de l\u2019\u00e9rosion des sols. Quant \u00e0 l\u2019environnement, le centre dispose de programmes de pr\u00e9servation de l\u2019environnement.<\/span><\/p>\n<p class=\"p1\"><span class=\"s1\">En industrie, il recourt \u00e0 des technologies de rayonnement par un contr\u00f4le non destructif. <em>\u00ab100 op\u00e9rateurs sont form\u00e9s en contr\u00f4le par an\u00bb<\/em>, encha\u00eene M. El Mediouri qui pr\u00e9cise que de nouvelles techniques de contr\u00f4le en a\u00e9ronautique sont envisag\u00e9es. De plus, le centre dispose d\u2019un comit\u00e9 de r\u00e9flexion autour de l\u2019option \u00e9lectronucl\u00e9aire en \u00e9nergie qui soumettra un rapport final en 2020.<\/span><\/p>\n<p class=\"p1\"><span class=\"s1\">Aussi, cette structure m\u00e8ne \u00e9galement des recherches en sciences des mat\u00e9riaux ayant trait \u00e0 l\u2019\u00e9nergie solaire. <em>\u00abLe Cnesten g\u00e8re des d\u00e9chets radioactifs\u00bb,<\/em> ajoute le DG. L\u2019objectif \u00e9tant de pr\u00e9server l\u2019environnement et les citoyens. Cette gestion se fait, selon des explications lors de la visite, par compression des d\u00e9chets solides. Ceux liquides sont g\u00e9r\u00e9s par \u00e9vaporation. Quant aux sources radioactives scell\u00e9es utilis\u00e9es en industrie et m\u00e9decine entre autres, elles sont d\u00e9compos\u00e9es au centre.<\/span><\/p>\n<p class=\"p3\"><span class=\"s1\"><strong>Formation et \u00e9changes\u00a0<\/strong><\/span><span class=\"s1\"><strong>africains<\/strong><\/span><\/p>\n<p class=\"p1\"><span class=\"s2\">M. El Mediouri pr\u00e9cise \u00e9galement que ce centre forme 200 professionnels africains par an et re\u00e7oit chaque ann\u00e9e 100 \u00e9tudiants qui en b\u00e9n\u00e9ficient. <em>\u00abUn master en radio-pharmacie et physique nucl\u00e9aire sera lanc\u00e9 pour assister des pays d\u2019Afrique\u00bb,<\/em> avance-t-il.<\/span><\/p>\n<p class=\"p1\"><span class=\"s2\">Le DG indique, par l\u2019occasion, que seulement 25 pays africains recourent \u00e0 la m\u00e9decine nucl\u00e9aire. Selon ses dires, le centre est le premier en Afrique qui accueille un grand nombre de personnes form\u00e9es. Quant aux installations du centre, elles font l\u2019objet d\u2019inspection. En 2018, elles \u00e9taient de 440.<span class=\"Apple-converted-space\">\u00a0 \u00a0<\/span><\/span><\/p>\n<p class=\"p3\"><span class=\"s1\"><strong>,Le pays s\u00e9lectionn\u00e9 avec le Br\u00e9sil<\/strong><\/span><\/p>\n<p class=\"p1\">Rencontr\u00e9 sur place, Hamid Marah, directeur scientifique du centre, pr\u00e9cise que <em>\u00able Maroc, qui a la reconnaissance de l\u2019Agence internationale de l\u2019\u00e9nergie atomique (AIEA), est choisi \u00e0 c\u00f4t\u00e9 du Br\u00e9sil, qui a \u00e9galement son laboratoire, sur la base de production. Ce choix est fait sur l\u2019utilisation des sciences et technologies nucl\u00e9aires dans le domaine de la gestion des ressources en eau\u00bb<\/em>.<\/p>\n<p class=\"p1\">Aussi, le Maroc est, selon ses dires, le r\u00e9acteur nucl\u00e9aire de formation \u00e0 distance dans le continent africain. <em>\u00abNous apprenons \u00e9galement des pays africains\u00bb,<\/em> encha\u00eene le directeur qui rappelle que ce centre d\u2019excellence, \u00e9tal\u00e9 sur un site de 25 hectares avec laboratoires et dont le r\u00e9acteur est de marque Triga, est compos\u00e9 d\u2019une \u00e9quipe de 250 personnes dont les deux tiers sont des scientifiques.<\/p>\n<p>Auteur: Salima Guisser<br \/>\n<a href=\"http:\/\/aujourdhui.ma\/economie\/le-cnesten-a-ouvert-ses-portes-aux-medias-au-coeur-du-nucleaire-marocain\">Cliquez ici pour lire l&rsquo;article depuis sa source.<\/a><\/p>\n","protected":false},"excerpt":{"rendered":"<p>\u00abEn cette ann\u00e9e, le Centre national de l\u2019\u00e9nergie des sciences et des techniques nucl\u00e9aires (CNESTEN) produira une mati\u00e8re m\u00e9dicale\u00bb. La nouvelle est annonc\u00e9e, mercredi dans le site de ce centre sis \u00e0 Ma\u00e2moura (Sal\u00e9), par Aziz Rabbah, ministre de l\u2019\u00e9nergie, des mines et du d\u00e9veloppement durable, qui pr\u00e9cise qu\u2019un travail est, pour l\u2019heure, men\u00e9 avec [&hellip;]<\/p>\n","protected":false},"author":1759,"featured_media":0,"comment_status":"closed","ping_status":"closed","sticky":false,"template":"","format":"standard","meta":{"fifu_image_url":"","fifu_image_alt":"","footnotes":""},"categories":[73,54],"tags":[],"class_list":["post-33389","post","type-post","status-publish","format-standard","hentry","category-actualite","category-maroc"],"_links":{"self":[{"href":"https:\/\/linitiative.ca\/International\/wp-json\/wp\/v2\/posts\/33389","targetHints":{"allow":["GET"]}}],"collection":[{"href":"https:\/\/linitiative.ca\/International\/wp-json\/wp\/v2\/posts"}],"about":[{"href":"https:\/\/linitiative.ca\/International\/wp-json\/wp\/v2\/types\/post"}],"author":[{"embeddable":true,"href":"https:\/\/linitiative.ca\/International\/wp-json\/wp\/v2\/users\/1759"}],"replies":[{"embeddable":true,"href":"https:\/\/linitiative.ca\/International\/wp-json\/wp\/v2\/comments?post=33389"}],"version-history":[{"count":0,"href":"https:\/\/linitiative.ca\/International\/wp-json\/wp\/v2\/posts\/33389\/revisions"}],"wp:attachment":[{"href":"https:\/\/linitiative.ca\/International\/wp-json\/wp\/v2\/media?parent=33389"}],"wp:term":[{"taxonomy":"category","embeddable":true,"href":"https:\/\/linitiative.ca\/International\/wp-json\/wp\/v2\/categories?post=33389"},{"taxonomy":"post_tag","embeddable":true,"href":"https:\/\/linitiative.ca\/International\/wp-json\/wp\/v2\/tags?post=33389"}],"curies":[{"name":"wp","href":"https:\/\/api.w.org\/{rel}","templated":true}]}}