{"id":33390,"date":"2019-05-10T08:09:49","date_gmt":"2019-05-10T12:09:49","guid":{"rendered":"https:\/\/linitiative.ca\/International\/agriculture-et-peche-maritime-appel-a-louverture-de-nouvelles-perspectives-pour-les-cooperatives-de-tiznit\/"},"modified":"2019-05-10T08:09:49","modified_gmt":"2019-05-10T12:09:49","slug":"agriculture-et-peche-maritime-appel-a-louverture-de-nouvelles-perspectives-pour-les-cooperatives-de-tiznit","status":"publish","type":"post","link":"https:\/\/linitiative.ca\/International\/agriculture-et-peche-maritime-appel-a-louverture-de-nouvelles-perspectives-pour-les-cooperatives-de-tiznit\/","title":{"rendered":"Agriculture et p\u00eache maritime : Appel \u00e0 l\u2019ouverture de nouvelles perspectives pour les coop\u00e9ratives de Tiznit"},"content":{"rendered":"<header>\n<div class=\"entry-post-meta\">\n<div class=\"author-link\">Publi\u00e9 par <a itemprop=\"author\" itemscope=\"\" itemtype=\"https:\/\/schema.org\/Person\" href=\"http:\/\/aujourdhui.ma\/profile\/kaid\" rel=\"author\"><span itemprop=\"name\">ALM<\/span><\/a><\/div>\n<p>Date\u00a0:<time content=\"2019-05-10T12:09:49+00:00\" class=\"entry-date updated\" datetime=\"2019-05-10T12:09:49+00:00\">mai 10, 2019<\/time><\/p>\n<div class=\"entry-cat\">dans:<a href=\"http:\/\/aujourdhui.ma\/category\/economie\" rel=\"category tag\">Economie<\/a><\/div>\n<p>0 Vues<\/p>\n<\/div>\n<\/header>\n<div class=\"entry-content clearfix\" readability=\"66\"><img decoding=\"async\" class=\"post_layout_5_img\" src=\"http:\/\/aujourdhui.ma\/wp-content\/uploads\/2016\/04\/centre-ville-tiznit.jpg?x29840\" alt=\"Agriculture et p\u00eache maritime : Appel \u00e0 l\u2019ouverture de nouvelles perspectives pour les coop\u00e9ratives de Tiznit\"\/><\/p>\n<p class=\"p1\"><span class=\"s1\"><span class=\"c4\"><strong>Les participants \u00e0 une rencontre, organis\u00e9e r\u00e9cemment \u00e0 Tiznit pour d\u00e9battre des questions d\u2019investissement dans la province, ont plaid\u00e9 en faveur de nouvelles perspectives pour les coop\u00e9ratives actives dans l\u2019agriculture et la p\u00eache maritime, et \u00e0 les accompagner \u00e0 travers la formation, le financement et la couverture sociale.<\/strong><\/span><\/span> <span id=\"more-310980\"\/><\/p>\n<p class=\"p1\"><span class=\"s1\">Les recommandations issues de cette journ\u00e9e d\u2019\u00e9tude tenue sous le signe \u00abPour un investissement productif et durable\u00bb ont relev\u00e9 la n\u00e9cessit\u00e9 d\u2019encourager les secteurs prometteurs, tels que le tourisme rural et le tourisme \u00e9cologique, et de soutenir la production des viandes blanches et rouges et les produits de la mer.<\/span><\/p>\n<p class=\"p1\"><span class=\"s1\">Ils ont sugg\u00e9r\u00e9 la cr\u00e9ation d\u2019unit\u00e9s de collecte englobant les diff\u00e9rentes fili\u00e8res de production afin de valoriser les produits locaux et faciliter l\u2019acc\u00e8s aux march\u00e9s nationaux et internationaux, notamment au profit des coop\u00e9ratives, en sus de l\u2019organisation de campagnes de sensibilisation aux nouvelles l\u00e9gislations r\u00e9gissant les transactions commerciales, leurs textes d\u2019application, ainsi que les programmes gouvernementaux visant \u00e0 les promouvoir.<\/span><\/p>\n<p class=\"p1\"><span class=\"s1\">Ils ont \u00e9galement appel\u00e9 \u00e0 l\u2019octroi de permis exceptionnels dans les domaines de l\u2019urbanisme et de la p\u00eache maritime dans les zones o\u00f9 ces activit\u00e9s sont interdites sur le littoral de la province de Tiznit.<\/span><\/p>\n<p class=\"p1\"><span class=\"s1\">L\u2019accent a \u00e9galement \u00e9t\u00e9 mis sur la formation et la formation continue des ressources humaines en vue de faciliter l\u2019acc\u00e8s au march\u00e9 de l\u2019emploi, et de favoriser l\u2019auto-emploi, plus particuli\u00e8rement dans les nouveaux m\u00e9tiers (services, conseils et marketing \u00e9lectronique).<\/span><\/p>\n<\/div>\n<p>Auteur: ALM<br \/>\n<a href=\"http:\/\/aujourdhui.ma\/economie\/agriculture-et-peche-maritime-appel-a-louverture-de-nouvelles-perspectives-pour-les-cooperatives-de-tiznit\">Cliquez ici pour lire l&rsquo;article depuis sa source.<\/a><\/p>\n","protected":false},"excerpt":{"rendered":"<p>Publi\u00e9 par ALM Date\u00a0:mai 10, 2019 dans:Economie 0 Vues Les participants \u00e0 une rencontre, organis\u00e9e r\u00e9cemment \u00e0 Tiznit pour d\u00e9battre des questions d\u2019investissement dans la province, ont plaid\u00e9 en faveur de nouvelles perspectives pour les coop\u00e9ratives actives dans l\u2019agriculture et la p\u00eache maritime, et \u00e0 les accompagner \u00e0 travers la formation, le financement et la [&hellip;]<\/p>\n","protected":false},"author":1759,"featured_media":0,"comment_status":"closed","ping_status":"closed","sticky":false,"template":"","format":"standard","meta":{"fifu_image_url":"","fifu_image_alt":"","footnotes":""},"categories":[73,54],"tags":[],"class_list":["post-33390","post","type-post","status-publish","format-standard","hentry","category-actualite","category-maroc"],"_links":{"self":[{"href":"https:\/\/linitiative.ca\/International\/wp-json\/wp\/v2\/posts\/33390","targetHints":{"allow":["GET"]}}],"collection":[{"href":"https:\/\/linitiative.ca\/International\/wp-json\/wp\/v2\/posts"}],"about":[{"href":"https:\/\/linitiative.ca\/International\/wp-json\/wp\/v2\/types\/post"}],"author":[{"embeddable":true,"href":"https:\/\/linitiative.ca\/International\/wp-json\/wp\/v2\/users\/1759"}],"replies":[{"embeddable":true,"href":"https:\/\/linitiative.ca\/International\/wp-json\/wp\/v2\/comments?post=33390"}],"version-history":[{"count":0,"href":"https:\/\/linitiative.ca\/International\/wp-json\/wp\/v2\/posts\/33390\/revisions"}],"wp:attachment":[{"href":"https:\/\/linitiative.ca\/International\/wp-json\/wp\/v2\/media?parent=33390"}],"wp:term":[{"taxonomy":"category","embeddable":true,"href":"https:\/\/linitiative.ca\/International\/wp-json\/wp\/v2\/categories?post=33390"},{"taxonomy":"post_tag","embeddable":true,"href":"https:\/\/linitiative.ca\/International\/wp-json\/wp\/v2\/tags?post=33390"}],"curies":[{"name":"wp","href":"https:\/\/api.w.org\/{rel}","templated":true}]}}