{"id":33392,"date":"2019-05-10T08:44:50","date_gmt":"2019-05-10T12:44:50","guid":{"rendered":"https:\/\/linitiative.ca\/International\/casablanca-3-ans-de-prison-ferme-pour-un-escroc-recidiviste\/"},"modified":"2019-05-10T08:44:50","modified_gmt":"2019-05-10T12:44:50","slug":"casablanca-3-ans-de-prison-ferme-pour-un-escroc-recidiviste","status":"publish","type":"post","link":"https:\/\/linitiative.ca\/International\/casablanca-3-ans-de-prison-ferme-pour-un-escroc-recidiviste\/","title":{"rendered":"Casablanca : 3 ans de prison ferme  pour un escroc r\u00e9cidiviste"},"content":{"rendered":"<header>\n<\/header>\n<div class=\"entry-content clearfix\" readability=\"53\"><img decoding=\"async\" class=\"post_layout_5_img\" src=\"http:\/\/aujourdhui.ma\/wp-content\/uploads\/2017\/02\/Arrestation-Police-Maroc-Daech.jpg?x29840\" alt=\"Casablanca : 3 ans de prison ferme pour un escroc r\u00e9cidiviste\"\/><\/p>\n<p class=\"p1\"><span class=\"c4\"><strong>Un escroc r\u00e9cidiviste a \u00e9t\u00e9 condamn\u00e9 par la chambre correctionnelle pr\u00e8s le tribunal de premi\u00e8re instance de Casablanca \u00e0 trois ans de prison ferme.<\/strong><\/span><span id=\"more-310894\"\/><\/p>\n<p class=\"p1\">Ses victimes \u00e9taient une douzaine dont la majorit\u00e9 s\u2019est rendue au tribunal. Certes, \u00e0 l\u2019instar de tous les escrocs, il a ni\u00e9 les charges retenues contre lui tout en affirmant n\u2019avoir jamais rencontr\u00e9 ces personnes qui se pr\u00e9sentaient comme des victimes.<\/p>\n<p class=\"p1\">Il a pr\u00e9cis\u00e9 au tribunal qu\u2019il a commenc\u00e9 \u00e0 gagner dignement sa vie en s\u2019adonnant au commerce \u00e0 la sauvette. Ce mis en cause, \u00e2g\u00e9 de quarante-deux ans, qui avait purg\u00e9 deux peines d\u2019emprisonnement pour le m\u00eame motif, a ajout\u00e9 au tribunal que la police lui a coll\u00e9 au dos des plaintes qui ont \u00e9t\u00e9 d\u00e9pos\u00e9es contre d\u2019autres escrocs.<\/p>\n<p class=\"p1\">Quant aux victimes, elles ont affirm\u00e9 qu\u2019elles ont remis des sommes allant de vingt \u00e0 cinquante mille dirhams au suspect contre des promesses d\u2019emplois, de papiers pour aller \u00e0 l\u2019Eldorado\u2026 qu\u2019il n\u2019a jamais tenues.<\/p>\n<\/div>\n<p>Auteur: Abderrafii ALOUMLIKI<br \/>\n<a href=\"http:\/\/aujourdhui.ma\/faits-divers\/casablanca-3-ans-de-prison-ferme-pour-un-escroc-recidiviste-2\">Cliquez ici pour lire l&rsquo;article depuis sa source.<\/a><\/p>\n","protected":false},"excerpt":{"rendered":"<p>Un escroc r\u00e9cidiviste a \u00e9t\u00e9 condamn\u00e9 par la chambre correctionnelle pr\u00e8s le tribunal de premi\u00e8re instance de Casablanca \u00e0 trois ans de prison ferme. Ses victimes \u00e9taient une douzaine dont la majorit\u00e9 s\u2019est rendue au tribunal. Certes, \u00e0 l\u2019instar de tous les escrocs, il a ni\u00e9 les charges retenues contre lui tout en affirmant n\u2019avoir [&hellip;]<\/p>\n","protected":false},"author":1759,"featured_media":0,"comment_status":"closed","ping_status":"closed","sticky":false,"template":"","format":"standard","meta":{"fifu_image_url":"","fifu_image_alt":"","footnotes":""},"categories":[73,54],"tags":[],"class_list":["post-33392","post","type-post","status-publish","format-standard","hentry","category-actualite","category-maroc"],"_links":{"self":[{"href":"https:\/\/linitiative.ca\/International\/wp-json\/wp\/v2\/posts\/33392","targetHints":{"allow":["GET"]}}],"collection":[{"href":"https:\/\/linitiative.ca\/International\/wp-json\/wp\/v2\/posts"}],"about":[{"href":"https:\/\/linitiative.ca\/International\/wp-json\/wp\/v2\/types\/post"}],"author":[{"embeddable":true,"href":"https:\/\/linitiative.ca\/International\/wp-json\/wp\/v2\/users\/1759"}],"replies":[{"embeddable":true,"href":"https:\/\/linitiative.ca\/International\/wp-json\/wp\/v2\/comments?post=33392"}],"version-history":[{"count":0,"href":"https:\/\/linitiative.ca\/International\/wp-json\/wp\/v2\/posts\/33392\/revisions"}],"wp:attachment":[{"href":"https:\/\/linitiative.ca\/International\/wp-json\/wp\/v2\/media?parent=33392"}],"wp:term":[{"taxonomy":"category","embeddable":true,"href":"https:\/\/linitiative.ca\/International\/wp-json\/wp\/v2\/categories?post=33392"},{"taxonomy":"post_tag","embeddable":true,"href":"https:\/\/linitiative.ca\/International\/wp-json\/wp\/v2\/tags?post=33392"}],"curies":[{"name":"wp","href":"https:\/\/api.w.org\/{rel}","templated":true}]}}