{"id":33394,"date":"2019-05-10T10:00:01","date_gmt":"2019-05-10T14:00:01","guid":{"rendered":"https:\/\/linitiative.ca\/International\/gestion-des-dechets-a-casablanca-pendant-le-ramadan-les-responsables-manquent-a-lappel\/"},"modified":"2019-05-10T10:00:01","modified_gmt":"2019-05-10T14:00:01","slug":"gestion-des-dechets-a-casablanca-pendant-le-ramadan-les-responsables-manquent-a-lappel","status":"publish","type":"post","link":"https:\/\/linitiative.ca\/International\/gestion-des-dechets-a-casablanca-pendant-le-ramadan-les-responsables-manquent-a-lappel\/","title":{"rendered":"Gestion des d\u00e9chets \u00e0 Casablanca pendant le Ramadan : Les responsables manquent \u00e0 l\u2019appel"},"content":{"rendered":"<p><img decoding=\"async\" class=\"post_layout_5_img\" src=\"http:\/\/aujourdhui.ma\/wp-content\/uploads\/2019\/05\/De%CC%81chets-Casablanca.jpg?x29840\" alt=\"Gestion des d\u00e9chets \u00e0 Casablanca pendant le Ramadan : Les responsables manquent \u00e0 l\u2019appel\"\/><\/p>\n<p class=\"p1\"><span class=\"c4\"><strong><em>La soci\u00e9t\u00e9 civile ne cesse de multiplier ses actions afin de sensibiliser \u00e0 la transformation du mod\u00e8le de gestion int\u00e9gr\u00e9e des d\u00e9chets au niveau national.<\/em><\/strong><\/span> <span id=\"more-310961\"\/><\/p>\n<p class=\"p1\"><span class=\"s1\">Il suffit d\u2019arpenter les ruelles de Casablanca pour se rendre \u00e0 l\u2019\u00e9vidence : la m\u00e9tropole croule sous les ordures. Lors du premier jour de Ramadan, les d\u00e9chets de toute sorte s\u2019entassent dans les coins de rue. Cette situation prend plus d\u2019ampleur durant le mois sacr\u00e9 qui conna\u00eet une intense activit\u00e9 commerciale pour les produits et biens de consommation. A l\u2019image par exemple du quartier de Derb Omar \u00e0 Casablanca o\u00f9 les d\u00e9chets constituent depuis d\u00e9j\u00e0 un moment une partie du paysage. A ce stade, la question qui taraude les badauds est celle de savoir pourquoi cette ville est condamn\u00e9e \u00e0 \u00eatre une d\u00e9charge \u00e0 ciel ouvert. Contact\u00e9s par ALM, les responsables au niveau du Conseil de la ville rechignent \u00e0 r\u00e9pondre. La crise de la gestion des d\u00e9chets dans la ville de Casablanca n\u2019est pas pr\u00e8s d\u2019\u00eatre r\u00e9solue.<\/span><\/p>\n<p class=\"p3\"><span class=\"s1\"><strong>Le tri s\u00e9lectif \u00e0 la source comme partie de la solution<\/strong><\/span><\/p>\n<p class=\"p1\"><span class=\"s1\">Pour Abderrahim Ksiri, pr\u00e9sident de l\u2019Alliance marocaine pour le climat et le d\u00e9veloppement durable (AMCDD), <em>\u00abla gestion des d\u00e9chets doit \u00eatre trait\u00e9e dans sa globalit\u00e9. Ce qui est valable pour Ramadan est valable pour toute l\u2019ann\u00e9e. Les recommandations de l\u2019alliance \u00e0 ce sujet sont claires\u00bb.<\/em> La soci\u00e9t\u00e9 civile, tr\u00e8s active sur le sujet, ne cesse en effet de multiplier ses actions afin de sensibiliser \u00e0 la transformation du mod\u00e8le de gestion int\u00e9gr\u00e9e des d\u00e9chets au niveau national. En t\u00e9moigne par exemple le projet \u00abcoproduction de la propret\u00e9\u00bb men\u00e9 durant 48 mois ciblant 90 quartiers dans plusieurs villes dont Casablanca (Casablanca Ain Sebaa, Casablanca Ben Msick et Casablanca Anfa). Le projet a permis d\u2019instaurer le tri s\u00e9lectif \u00e0 la source dans 76 quartiers dans 22 villes avec des taux de r\u00e9alisation in\u00e9gaux portant parfois \u00e0 100% le taux de participation des familles \u00e0 ce mode tri.<span class=\"Apple-converted-space\">\u00a0<\/span> Annuellement, la ville de Casablanca produit environ 1,4 million de tonnes de d\u00e9chets m\u00e9nagers et assimil\u00e9s, pour une population de pr\u00e8s de 3,4 millions d\u2019habitants. Pour r\u00e9soudre cette probl\u00e9matique, l\u2019AMCDD a toujours plaid\u00e9 pour doter le Maroc d\u2019une nouvelle strat\u00e9gie nationale de gestion des d\u00e9chets en rupture avec la logique du programme national des d\u00e9chets m\u00e9nagers (PNDM) bas\u00e9e sur une approche participative entre les collectivit\u00e9s territoriales, les op\u00e9rateurs \u00e9conomiques, les associations et experts, le respect de la hi\u00e9rarchie du processus tri-collecte recyclage et valorisation et qui instaure le principe de la responsabilit\u00e9 \u00e9largie du producteur. <em>\u00abCeci permettra de donner de la visibilit\u00e9 et garantira la s\u00e9curit\u00e9 des investissements \u00e0 r\u00e9aliser et des financements des bailleurs de fonds internationaux des projets de recyclage et des installations de valorisation \u00e9nerg\u00e9tique\u00bb,<\/em> explique l\u2019AMCDD.<\/span><\/p>\n<p class=\"p3\"><span class=\"s1\"><strong>Reconna\u00eetre le potentiel de l\u2019\u00e9conomie-d\u00e9chets<\/strong><\/span><\/p>\n<p class=\"p1\"><span class=\"s1\">L\u2019alliance qui r\u00e9unit plus de 800 associations recommande de commencer par inscrire les nouveaux grands projets comme celui de la d\u00e9charge de M\u00e9diouna dans une strat\u00e9gie partag\u00e9e et une planification int\u00e9gr\u00e9e en d\u00e9veloppant par exemple une \u00e9conomie-d\u00e9chets et une \u00e9conomie circulaire bas\u00e9e sur le recyclage, le tri \u00e0 la source et la valorisation. Elle sugg\u00e8re aussi de reconna\u00eetre le potentiel de cette \u00e9conomie-d\u00e9chets, ma\u00eetriser des co\u00fbts et am\u00e9liorer le syst\u00e8me de gouvernance de la gestion actuelle et future des d\u00e9chets. L\u2019AMCDD plaide aussi pour la valorisation \u00e9nerg\u00e9tique industrielle des d\u00e9chets in\u00e9vitables en d\u00e9veloppant des combustibles alternatifs (RDF : Residual Derived Fuel) via le traitement m\u00e9cano-biologique des d\u00e9chets et adapter la gestion des d\u00e9chets \u00e0 l\u2019\u00e9chelle locale.<\/span><\/p>\n<p class=\"p1\"><span class=\"s1\">L\u2019alliance insiste sur plusieurs facteurs cl\u00e9s de succ\u00e8s pour la gestion des d\u00e9chets dans la ville de Casablanca, \u00e0 savoir que le traitement des d\u00e9chets doit \u00eatre inclu dans une strat\u00e9gie compl\u00e8te, elle-m\u00eame fond\u00e9e sur la pyramide bien connue de r\u00e9duction des d\u00e9chets, tri, recyclage, compostage puis traitement (valorisation \u00e9nerg\u00e9tique qui ne bloque pas les choix pr\u00e9c\u00e9dents en termes r\u00e8glementaire ou financier). Deuxi\u00e8mement, elle insiste sur le r\u00f4le crucial que jouent les collectivit\u00e9s territoriales et les \u00e9tablissements de coop\u00e9ration intercommunale dans la professionnalisation et l\u2019efficacit\u00e9 de gestion des services de proximit\u00e9 offerts aux citoyens et particuli\u00e8rement dans la gestion et la valorisation des d\u00e9chets solides.<\/span><\/p>\n<p class=\"p1\"><span class=\"s1\">Troisi\u00e8mement, elle met en avant le r\u00f4le d\u00e9terminant du changement des comportements des citoyens et citoyennes pour r\u00e9ussir le tri \u00e0 la source qui constitue la garantie de faisabilit\u00e9 et de viabilit\u00e9 technico-\u00e9conomique des fili\u00e8res industrielles de valorisation \u00e9nerg\u00e9tique des d\u00e9chets solides et esp\u00e8re \u00e9galement que les moyens humains et des capacit\u00e9s des administrations des collectivit\u00e9s territoriales pour la professionnalisation des m\u00e9tiers de gestion et valorisation des d\u00e9chets soient renforc\u00e9s. Notons que deux entreprises avaient remport\u00e9 en f\u00e9vrier dernier l\u2019appel d\u2019offres pour la collecte et le nettoiement de la ville de Casablanca. Il s\u2019agit d\u2019Averda et Derichebourg. Celles-ci se chargeront de g\u00e9rer les d\u00e9chets dans un certain nombre d\u2019arrondissements durant une p\u00e9riode de 7 ans. Averda s\u2019occupera de Hay Hassani, Ain Chok, Roches Noires, Hay Mohammadi, Sidi Bernoussi, et Ain Seba\u00e2. Alors que Derichebourg prendra en charge les arrondissements d\u2019Anfa, Sidi Belyout, Maarif, Mers Sultan, Al Fida, Moulay Rchid et Ben Msik.<\/span><\/p>\n<p>Auteur: Ouchagour Leila<br \/>\n<a href=\"http:\/\/aujourdhui.ma\/societe\/gestion-des-dechets-a-casablanca-pendant-le-ramadan-les-responsables-manquent-a-lappel\">Cliquez ici pour lire l&rsquo;article depuis sa source.<\/a><\/p>\n","protected":false},"excerpt":{"rendered":"<p>La soci\u00e9t\u00e9 civile ne cesse de multiplier ses actions afin de sensibiliser \u00e0 la transformation du mod\u00e8le de gestion int\u00e9gr\u00e9e des d\u00e9chets au niveau national. Il suffit d\u2019arpenter les ruelles de Casablanca pour se rendre \u00e0 l\u2019\u00e9vidence : la m\u00e9tropole croule sous les ordures. Lors du premier jour de Ramadan, les d\u00e9chets de toute sorte [&hellip;]<\/p>\n","protected":false},"author":1759,"featured_media":0,"comment_status":"closed","ping_status":"closed","sticky":false,"template":"","format":"standard","meta":{"fifu_image_url":"","fifu_image_alt":"","footnotes":""},"categories":[73,54],"tags":[],"class_list":["post-33394","post","type-post","status-publish","format-standard","hentry","category-actualite","category-maroc"],"_links":{"self":[{"href":"https:\/\/linitiative.ca\/International\/wp-json\/wp\/v2\/posts\/33394","targetHints":{"allow":["GET"]}}],"collection":[{"href":"https:\/\/linitiative.ca\/International\/wp-json\/wp\/v2\/posts"}],"about":[{"href":"https:\/\/linitiative.ca\/International\/wp-json\/wp\/v2\/types\/post"}],"author":[{"embeddable":true,"href":"https:\/\/linitiative.ca\/International\/wp-json\/wp\/v2\/users\/1759"}],"replies":[{"embeddable":true,"href":"https:\/\/linitiative.ca\/International\/wp-json\/wp\/v2\/comments?post=33394"}],"version-history":[{"count":0,"href":"https:\/\/linitiative.ca\/International\/wp-json\/wp\/v2\/posts\/33394\/revisions"}],"wp:attachment":[{"href":"https:\/\/linitiative.ca\/International\/wp-json\/wp\/v2\/media?parent=33394"}],"wp:term":[{"taxonomy":"category","embeddable":true,"href":"https:\/\/linitiative.ca\/International\/wp-json\/wp\/v2\/categories?post=33394"},{"taxonomy":"post_tag","embeddable":true,"href":"https:\/\/linitiative.ca\/International\/wp-json\/wp\/v2\/tags?post=33394"}],"curies":[{"name":"wp","href":"https:\/\/api.w.org\/{rel}","templated":true}]}}