{"id":33396,"date":"2019-05-10T06:31:02","date_gmt":"2019-05-10T10:31:02","guid":{"rendered":"https:\/\/linitiative.ca\/International\/larbi-doghmi-une-etoile-tombee-du-ciel\/"},"modified":"2019-05-10T06:31:02","modified_gmt":"2019-05-10T10:31:02","slug":"larbi-doghmi-une-etoile-tombee-du-ciel","status":"publish","type":"post","link":"https:\/\/linitiative.ca\/International\/larbi-doghmi-une-etoile-tombee-du-ciel\/","title":{"rendered":"Larbi Doghmi, une \u00e9toile tomb\u00e9e du ciel\u2026"},"content":{"rendered":"<p class=\"c4\"><span class=\"c3\"><strong><span class=\"c2\">Q<\/span>ue serait le th\u00e9\u00e2tre marocain sans Larbi Doghmi? Une vraie \u00e9toile tomb\u00e9e du ciel pour illuminer les planches et le cin\u00e9ma marocains. L\u2019artiste\u00a0 a marqu\u00e9 de son empreinte la sc\u00e8ne th\u00e9\u00e2trale nationale et le milieu cin\u00e9matographique marocain.<\/strong><\/span><\/p>\n<p class=\"c4\">Larbi est n\u00e9 dans la capitale du royaume en 1931. Comme beaucoup d\u2019enfants et de jeunes de sa g\u00e9n\u00e9ration, il a re\u00e7u au d\u00e9but une \u00e9ducation religieuse avant d\u2019entamer un enseignement moderne primaire dans les classes de l\u2019ancienne Ecole Mohammedia \u00e0 Rabat. Par la suite et apr\u00e8s avoir achev\u00e9 les \u00e9tudes primaires, c\u2019est au lyc\u00e9e Mohammed V de la m\u00eame ville o\u00f9\u00a0 il a poursuivi ses \u00e9tudes secondaires.<\/p>\n<p class=\"c4\">Tr\u00e8s jeune, il imitait ses coll\u00e8gues, ses camarades et professeurs qui ont d\u00e9couvert son talent et l\u2019ont encourag\u00e9 \u00e0 se lancer dans le domaine de l\u2019art, plus pr\u00e9cis\u00e9ment\u00a0 le th\u00e9\u00e2tre. C\u2019est en 1948 qu\u2019il int\u00e8gre la troupe de la Al M\u00e2amora o\u00f9 il essaie de se faire une place parmi les grands. \u00c0 l\u2019\u00e9poque, cette troupe \u00e9tait une grande \u00e9cole, notamment avec des com\u00e9diens et artistes confirm\u00e9s comme Abdessamad Kenfaoui,\u00a0 Tahar Ouaziz, Ta\u00efeb Seddiki, Ta\u00efeb Lalj, Kenfaoui.<\/p>\n<p class=\"c4\">Cinq plus tard, il franchit les portes de l\u2019Institut des \u00e9tudes th\u00e9\u00e2trales\u00a0 dirig\u00e9 par Andr\u00e9 Voisin. G\u00e9n\u00e9reux sur sc\u00e8ne, passionn\u00e9 par les arts et la culture, cet artiste discret et dou\u00e9 a fait une entr\u00e9e majestueuse dans le monde du th\u00e9\u00e2tre en 1953 au sein de la troupe nationale de th\u00e9\u00e2tre en partageant la sc\u00e8ne avec Ahmed Tayeb Laalej et Mohammed Afifi. Il incarnera alors de grands r\u00f4les en interpr\u00e9tant de grandes pi\u00e8ces des t\u00e9nors du th\u00e9\u00e2tre classique dont Moli\u00e8re, Shakespeare, Beaumarchais et autres.<\/p>\n<p class=\"c4\">Larbi Doughmi \u00e9tait l\u2019un des pionniers et personnages cl\u00e9s qui ont contribu\u00e9 \u00e0 la cr\u00e9ation du th\u00e9\u00e2tre radiophonique au Maroc. D\u2019ailleurs, c\u2019est \u00e0 travers le th\u00e9\u00e2tre et les planches qu\u2019il a franchi ce domaine avec le p\u00e8re fondateur du th\u00e9\u00e2tre radiophonique marocain, Abdallah Chakroun \u00a0en compagnie d\u2019une pl\u00e9iade de voix et de visages connu du public marocain, en l\u2019occurrence Habiba Al Medkouri, Amina Rachid Mohamed Ahmed Basri, Mohammed Hammadi Al Azrak, Abderrazak Hakam,\u00a0 Hammadi Amor,Hassan Al Joundi, Hammadi Attounsi, Hachemi Ben Amr, Thami Al Gharbi, Mahjoub Arraji, Abderrafii Jawahri, Hamidou Benlasoud.<\/p>\n<p class=\"c4\">Plus de 30 ans de carri\u00e8re artistique\u00a0! \u00a0Larbi a partag\u00e9 une partie importante de sa vie entre les murs de Dar El Brihi. Sa voix et son nom ont brill\u00e9 dans des pi\u00e8ces de th\u00e9\u00e2tre \u00e9crites par Chakroun qui traduisait et adaptait les grands textes du th\u00e9\u00e2tre\u00a0 universel.<\/p>\n<p class=\"c4\">Une exp\u00e9rience tr\u00e8s riche avec 300 travaux artistiques radiophoniques. Sa voix r\u00e9sonne encore dans l\u2019imaginaire de beaucoup de Marocains et son visage est grav\u00e9 dans les m\u00e9moires. Du th\u00e9\u00e2tre au cin\u00e9ma, Larbi a fait un beau passage \u00e0 la t\u00e9l\u00e9vision et le 7<sup>e<\/sup> art en tournant des films marocains et \u00e9trangers dont \u00abThe Man Who Would Be King\u00bb avec le c\u00e9l\u00e8bre \u00a0acteur britannique Sean Connery, \u00abLe m\u00e9decin malgr\u00e9 lui\u00bb de Henry Jacques\u00a0 (1955), \u00abQuand m\u00fbrissent les dattes\u00bb de Larbi Bennani et Abdelaziz Ramdani (1968), \u00abL\u2019Homme qui voulut \u00eatre roi\u00bb de John Huston (1975), \u00abSoleil des hy\u00e8nes\u00bb de Ridha Behi (1977), \u00abL\u2019\u00c9talon noir\u00bb de Caroll Ballard (1979), \u00abNoces de sang\u00bb de Souheil Ben Barka (1980), \u00abLe retour de l\u2019\u00e9talon noir\u00bb de Robert Dalva (1982) et d\u2019autres films qui ont meubl\u00e9 la filmographie marocaine et internationale.<\/p>\n<p class=\"c4\">Apr\u00e8s une lutte sans merci contre la maladie, Larbi Doghmi a tir\u00e9 sa r\u00e9v\u00e9rence le 28 octobre 1994. Un personnage insaisissable!<\/p>\n<p class=\"c5\"><strong>Mohamed Nait Youssef<\/strong><\/p>\n<p>Auteur: rahal mehamed<br \/>\n<a href=\"http:\/\/albayane.press.ma\/larbi-doghmi-une-etoile-tombee-du-ciel.html\">Cliquez ici pour lire l&rsquo;article depuis sa source.<\/a><\/p>\n","protected":false},"excerpt":{"rendered":"<p>Que serait le th\u00e9\u00e2tre marocain sans Larbi Doghmi? Une vraie \u00e9toile tomb\u00e9e du ciel pour illuminer les planches et le cin\u00e9ma marocains. L\u2019artiste\u00a0 a marqu\u00e9 de son empreinte la sc\u00e8ne th\u00e9\u00e2trale nationale et le milieu cin\u00e9matographique marocain. Larbi est n\u00e9 dans la capitale du royaume en 1931. Comme beaucoup d\u2019enfants et de jeunes de sa [&hellip;]<\/p>\n","protected":false},"author":1760,"featured_media":0,"comment_status":"closed","ping_status":"closed","sticky":false,"template":"","format":"standard","meta":{"fifu_image_url":"","fifu_image_alt":"","footnotes":""},"categories":[73,54],"tags":[],"class_list":["post-33396","post","type-post","status-publish","format-standard","hentry","category-actualite","category-maroc"],"_links":{"self":[{"href":"https:\/\/linitiative.ca\/International\/wp-json\/wp\/v2\/posts\/33396","targetHints":{"allow":["GET"]}}],"collection":[{"href":"https:\/\/linitiative.ca\/International\/wp-json\/wp\/v2\/posts"}],"about":[{"href":"https:\/\/linitiative.ca\/International\/wp-json\/wp\/v2\/types\/post"}],"author":[{"embeddable":true,"href":"https:\/\/linitiative.ca\/International\/wp-json\/wp\/v2\/users\/1760"}],"replies":[{"embeddable":true,"href":"https:\/\/linitiative.ca\/International\/wp-json\/wp\/v2\/comments?post=33396"}],"version-history":[{"count":0,"href":"https:\/\/linitiative.ca\/International\/wp-json\/wp\/v2\/posts\/33396\/revisions"}],"wp:attachment":[{"href":"https:\/\/linitiative.ca\/International\/wp-json\/wp\/v2\/media?parent=33396"}],"wp:term":[{"taxonomy":"category","embeddable":true,"href":"https:\/\/linitiative.ca\/International\/wp-json\/wp\/v2\/categories?post=33396"},{"taxonomy":"post_tag","embeddable":true,"href":"https:\/\/linitiative.ca\/International\/wp-json\/wp\/v2\/tags?post=33396"}],"curies":[{"name":"wp","href":"https:\/\/api.w.org\/{rel}","templated":true}]}}