{"id":33397,"date":"2019-05-10T06:38:26","date_gmt":"2019-05-10T10:38:26","guid":{"rendered":"https:\/\/linitiative.ca\/International\/passer-dun-stade-de-conscience-abstraite-a-une-conscience-concrete\/"},"modified":"2019-05-10T06:38:26","modified_gmt":"2019-05-10T10:38:26","slug":"passer-dun-stade-de-conscience-abstraite-a-une-conscience-concrete","status":"publish","type":"post","link":"https:\/\/linitiative.ca\/International\/passer-dun-stade-de-conscience-abstraite-a-une-conscience-concrete\/","title":{"rendered":"\u00abPasser d\u2019un stade de conscience abstraite \u00e0 une conscience concr\u00e8te\u00bb"},"content":{"rendered":"<p class=\"c3\"><span class=\"c2\"><strong>Abdeslam Seddiki, ou la\u00a0 lecture militante<\/strong><\/span><\/p>\n<p class=\"c5\"><span class=\"c4\"><strong><span class=\"c2\">D<\/span>ans cette s\u00e9rie d\u2019articles, professeurs universitaires et intellectuels de tous bords, relatent leur relation avec l\u2019univers de la lecture. Chacun, \u00a0\u00e0 travers son prisme, nous fait voyager dans le temps, pour nous montrer comment un livre a influenc\u00e9 sa trajectoire acad\u00e9mique et m\u00eame personnelle, en lui inspirant une vision du monde.<\/strong><\/span><\/p>\n<p class=\"c5\">Puisque la question qui m\u2019a \u00e9t\u00e9 pos\u00e9e consiste \u00e0 indiquer un seul et unique livre qui m\u2019a marqu\u00e9 le plus dans ma vie, et non plus, je m\u2019en tiens \u00e0 cette exigence. En effet, dans la vie d\u2019une personne, se d\u00e9roulent devant ses yeux des \u00e9v\u00e9nements allant du tragique au splendide. Le destin n\u2019est jamais connu \u00e0 l\u2019avance\u00a0: il est le produit d\u2019un certain nombre de circonstances et de faits hasardeux. On fait avec l\u2019impr\u00e9vu. Tout se passe comme un voyageur qui prend un chemin pour la premi\u00e8re fois.<\/p>\n<p class=\"c5\">Ma vie ne diff\u00e8re pas de ce cheminement dont j\u2019ai trac\u00e9 en quelques mots les contours. Chaque jour qui passait apporta du nouveau et constitua une accumulation en termes d\u2019id\u00e9es, d\u2019exp\u00e9riences, de savoir (savoir-faire et savoir-\u00eatre). Je pourrai en disserter longuement et en parler \u00e0 volont\u00e9.\u00a0 Mais je me limite \u00e0 cette \u00ab\u00a0rencontre\u00a0\u00bb qui a en quelque sorte fait basculer ma vie dans le bon sens s\u2019entend. Puisque c\u2019est bien cette rencontre qui a fait de moi ce que je suis aujourd\u2019hui.<\/p>\n<p class=\"c5\">Cela remonte \u00e0 1974 alors que j\u2019\u00e9tais en troisi\u00e8me ann\u00e9e de licence en sciences \u00e9conomiques. On devait \u00e9tudier le livre d\u2019Aziz Belal\u00a0: \u00abl\u2019investissement au Maroc (1912-1964) et ses enseignements en mati\u00e8re de d\u00e9veloppement\u00a0\u00e9conomique\u00bb, comme compl\u00e9ment \u00e0 la mati\u00e8re PSD (Probl\u00e8mes structurels de d\u00e9veloppement) que dispensait l\u2019auteur aux \u00e9tudiants. Bien s\u00fbr, il y a l\u2019\u0153uvre et il y a l\u2019homme. Et c\u2019est difficile de faire la s\u00e9paration entre les deux.<\/p>\n<p class=\"c5\">Ce livre magistral, qui est l\u2019objet d\u2019une th\u00e8se d\u2019Etat, bien qu\u2019\u00e9crit au d\u00e9but des ann\u00e9es 60 du si\u00e8cle dernier, n\u2019a rien perdu de son actualit\u00e9\u00a0: \u00e0 la fois th\u00e9orique et pratique. Pour la premi\u00e8re fois, j\u2019ai pu mesurer les \u00a0m\u00e9faits de la colonisation sur la soci\u00e9t\u00e9 marocaine contrairement aux all\u00e9gations des colonisateurs qui s\u2019\u00e9vertuaient de leur \u00abmission civilisatrice\u00bb. J\u2019ai pu \u00e9galement r\u00e9aliser la n\u00e9cessit\u00e9 de se doter d\u2019une strat\u00e9gie de lib\u00e9ration nationale et d\u2019\u00e9mancipation du peuple en comptant sur nos propres moyens et en mobilisant nos forces vives.\u00a0 Moi qui suis issu d\u2019une famille de R\u00e9sistants, je r\u00e9alise parfaitement le sacrifice qu\u2019on doit consentir pour arracher notre libert\u00e9 et nous soustraire \u00e0 l\u2019emprise coloniale et n\u00e9ocoloniale.<\/p>\n<p class=\"c5\">Lentement mais s\u00fbrement, je me suis retrouv\u00e9 au c\u0153ur de ce combat pour passer d\u2019un stade de \u00abconscience abstraite\u00bb \u00e0 une \u00abconscience concr\u00e8te\u00bb\u00a0: celle qui consiste \u00e0 lier la th\u00e9orie \u00e0 la pratique et \u00e0 lutter contre \u00a0toutes les formes d\u2019injustice <strong>\u00a0<\/strong>et de suj\u00e9tion. Une lutte\u00a0 organis\u00e9e, responsable, citoyenne et d\u00e9sint\u00e9ress\u00e9e.<\/p>\n<p class=\"c5\">C\u2019est pour cela que je saisis cette occasion pour inviter notre jeunesse qui aspire \u00e0 un monde meilleur, \u00e0 lire cet ouvrage et \u00e0 en tirer les enseignements qui s\u2019imposent.<\/p>\n<p class=\"c5\">Abdeslam Seddiki, professeur de l\u2019enseignement chercheur, membre du bureau politique du PPS et ancien ministre.<\/p>\n<p class=\"c5\"><span class=\"c6\"><em>L\u2019ouvrage,\u00a0 publi\u00e9 pour la premi\u00e8re fois en 1968 aux \u00e9d. Mouton, r\u00e9\u00e9dit\u00e9 par la suite aux Editions Maghr\u00e9bines est malheureusement \u00e9puis\u00e9. D\u2019o\u00f9 la n\u00e9cessit\u00e9 de sa r\u00e9\u00e9dition dans l\u2019int\u00e9r\u00eat de la recherche scientifique et de la sauvegarde de notre capital immat\u00e9riel.<\/em><\/span><\/p>\n<p>Auteur: rahal mehamed<br \/>\n<a href=\"http:\/\/albayane.press.ma\/passer-dun-stade-de-conscience-abstraite-a-une-conscience-concrete.html\">Cliquez ici pour lire l&rsquo;article depuis sa source.<\/a><\/p>\n","protected":false},"excerpt":{"rendered":"<p>Abdeslam Seddiki, ou la\u00a0 lecture militante Dans cette s\u00e9rie d\u2019articles, professeurs universitaires et intellectuels de tous bords, relatent leur relation avec l\u2019univers de la lecture. Chacun, \u00a0\u00e0 travers son prisme, nous fait voyager dans le temps, pour nous montrer comment un livre a influenc\u00e9 sa trajectoire acad\u00e9mique et m\u00eame personnelle, en lui inspirant une vision [&hellip;]<\/p>\n","protected":false},"author":1760,"featured_media":0,"comment_status":"closed","ping_status":"closed","sticky":false,"template":"","format":"standard","meta":{"fifu_image_url":"","fifu_image_alt":"","footnotes":""},"categories":[73,54],"tags":[],"class_list":["post-33397","post","type-post","status-publish","format-standard","hentry","category-actualite","category-maroc"],"_links":{"self":[{"href":"https:\/\/linitiative.ca\/International\/wp-json\/wp\/v2\/posts\/33397","targetHints":{"allow":["GET"]}}],"collection":[{"href":"https:\/\/linitiative.ca\/International\/wp-json\/wp\/v2\/posts"}],"about":[{"href":"https:\/\/linitiative.ca\/International\/wp-json\/wp\/v2\/types\/post"}],"author":[{"embeddable":true,"href":"https:\/\/linitiative.ca\/International\/wp-json\/wp\/v2\/users\/1760"}],"replies":[{"embeddable":true,"href":"https:\/\/linitiative.ca\/International\/wp-json\/wp\/v2\/comments?post=33397"}],"version-history":[{"count":0,"href":"https:\/\/linitiative.ca\/International\/wp-json\/wp\/v2\/posts\/33397\/revisions"}],"wp:attachment":[{"href":"https:\/\/linitiative.ca\/International\/wp-json\/wp\/v2\/media?parent=33397"}],"wp:term":[{"taxonomy":"category","embeddable":true,"href":"https:\/\/linitiative.ca\/International\/wp-json\/wp\/v2\/categories?post=33397"},{"taxonomy":"post_tag","embeddable":true,"href":"https:\/\/linitiative.ca\/International\/wp-json\/wp\/v2\/tags?post=33397"}],"curies":[{"name":"wp","href":"https:\/\/api.w.org\/{rel}","templated":true}]}}